{"id":130344,"date":"2017-11-28T11:53:40","date_gmt":"2017-11-28T09:53:40","guid":{"rendered":"http:\/\/www.sana.sy\/tr\/?p=130344"},"modified":"2017-11-29T12:45:23","modified_gmt":"2017-11-29T10:45:23","slug":"ordu-isidi-ezip-ilerliyor","status":"publish","type":"post","link":"https:\/\/archive.sana.sy\/tr\/?p=130344","title":{"rendered":"Ordu I\u015e\u0130D\u2019i Ezip \u0130lerliyor"},"content":{"rendered":"<p>\u0130LLER \u2013 Vatan koruyucular\u0131m\u0131z radikal ter\u00f6re kar\u015f\u0131 operasyonlar\u0131nda bug\u00fcn d\u0131\u015f g\u00fc\u00e7lere hizmet eden bu \u00e7eteleri be\u015feri ve ekipman a\u00e7\u0131s\u0131ndan kay\u0131plara u\u011frat\u0131p kontrolleri alt\u0131ndaki alanlar\u0131 geni\u015flettiler.<\/p>\n<p><span style=\"color: #0000ff\">DEYREZZOR:<\/span><\/p>\n<p>Askeri bir kaynak vatan koruyucular\u0131m\u0131z\u0131n bug\u00fcn nitelikli operasyonlar\u0131 ard\u0131ndan Deyrezzor \u0130linin do\u011fusu Meyadin \u2013 Albukemal ekseninde radikal ter\u00f6r \u00f6rg\u00fct\u00fc I\u015e\u0130D ile \u015fiddetli \u00e7at\u0131\u015fmalara girdiklerini belirtti.<\/p>\n<p>Kaynak radikal ter\u00f6r \u00f6rg\u00fct\u00fcn be\u015feri ve ekipman a\u00e7\u0131s\u0131ndan b\u00fcy\u00fck kay\u0131plara u\u011frat\u0131lmas\u0131 ard\u0131ndan ordu birliklerimizin Kuriye Beldesini kontrollerine ge\u00e7irdiklerini kaydetti.<\/p>\n<p><span style=\"color: #0000ff\">\u015eAM KIRSALI:<\/span><\/p>\n<p>Bu arada askeri bir kaynak ordu birliklerimizin ba\u015fkent \u015eam\u2019\u0131n g\u00fcneybat\u0131s\u0131nda g\u00fcvenlik ve istikrar\u0131 sa\u011flama ve \u0130srail\u2019e tabi Nusra Cephesini yok etme ama\u00e7l\u0131 operasyonlar\u0131n\u0131 ba\u015far\u0131yla s\u00fcrd\u00fcrd\u00fcklerini belirtti.<\/p>\n<p>Kaynak Halk Savunma G\u00fc\u00e7leri ile i\u015fbirli\u011fi i\u00e7inde s\u00fcrd\u00fcr\u00fclen operasyonlarda \u0130srail\u2019e tabi Nusra Cephesinin be\u015feri ve ekipman a\u00e7\u0131s\u0131ndan b\u00fcy\u00fck kay\u0131plara u\u011frat\u0131lmas\u0131 ard\u0131ndan Kfar Havr Beldesinin g\u00fcneybat\u0131s\u0131nda yer alan Berdiye Tepesinin do\u011fu k\u0131sm\u0131n\u0131 tamamen kontrollerine ge\u00e7irdiklerini aktard\u0131.<\/p>\n<p>Tepenin ta\u015f\u0131d\u0131\u011f\u0131 stratejik \u00f6neme dikkat \u00e7eken kaynak; b\u00f6lgede Nusra Cephesi ve m\u00fcttefikleri ter\u00f6r \u00f6rg\u00fctlere kar\u015f\u0131 operasyonlar\u0131n amans\u0131z bir \u015fekilde devam etti\u011fini kaydetti. Kaynak tepenin kurtar\u0131lmas\u0131yla b\u00f6lgede Nusra Cephesinin en b\u00fcy\u00fck ve en \u00f6nemli karargahlar\u0131 say\u0131lan Beyt Cin Beldesinin de ordu birliklerimizin ate\u015f kontrol\u00fcnde olaca\u011f\u0131n\u0131 ifade etti.<\/p>\n","protected":false},"excerpt":{"rendered":"<p>\u0130LLER \u2013 Vatan koruyucular\u0131m\u0131z radikal ter\u00f6re kar\u015f\u0131 operasyonlar\u0131nda bug\u00fcn d\u0131\u015f g\u00fc\u00e7lere hizmet eden bu \u00e7eteleri be\u015feri ve ekipman a\u00e7\u0131s\u0131ndan kay\u0131plara u\u011frat\u0131p kontrolleri alt\u0131ndaki alanlar\u0131 geni\u015flettiler. DEYREZZOR: Askeri bir kaynak vatan koruyucular\u0131m\u0131z\u0131n bug\u00fcn nitelikli operasyonlar\u0131 ard\u0131ndan Deyrezzor \u0130linin do\u011fusu Meyadin \u2013 Albukemal ekseninde radikal ter\u00f6r \u00f6rg\u00fct\u00fc I\u015e\u0130D ile \u015fiddetli \u00e7at\u0131\u015fmalara girdiklerini belirtti. Kaynak radikal ter\u00f6r \u00f6rg\u00fct\u00fcn &hellip;<\/p>\n","protected":false},"author":1,"featured_media":130346,"comment_status":"closed","ping_status":"closed","sticky":false,"template":"","format":"standard","meta":{"footnotes":""},"categories":[479,575,17988,478],"tags":[18237,18576,18577,2494,2318,24011,16591,11549,22181,4076],"class_list":["post-130344","post","type-post","status-publish","format-standard","has-post-thumbnail","","category-haberler-yerel","category-olaylar-ve-gercekler","category-son-haberler","category-yerel","tag-cihatcilar","tag-daes","tag-deas","tag-deyrezzor","tag-isid","tag-iside-karsi-savas","tag-suriye","tag-suriye-ordusu","tag-suriyeliler","tag-terorle-mucadele"],"_links":{"self":[{"href":"https:\/\/archive.sana.sy\/tr\/index.php?rest_route=\/wp\/v2\/posts\/130344","targetHints":{"allow":["GET"]}}],"collection":[{"href":"https:\/\/archive.sana.sy\/tr\/index.php?rest_route=\/wp\/v2\/posts"}],"about":[{"href":"https:\/\/archive.sana.sy\/tr\/index.php?rest_route=\/wp\/v2\/types\/post"}],"author":[{"embeddable":true,"href":"https:\/\/archive.sana.sy\/tr\/index.php?rest_route=\/wp\/v2\/users\/1"}],"replies":[{"embeddable":true,"href":"https:\/\/archive.sana.sy\/tr\/index.php?rest_route=%2Fwp%2Fv2%2Fcomments&post=130344"}],"version-history":[{"count":0,"href":"https:\/\/archive.sana.sy\/tr\/index.php?rest_route=\/wp\/v2\/posts\/130344\/revisions"}],"wp:featuredmedia":[{"embeddable":true,"href":"https:\/\/archive.sana.sy\/tr\/index.php?rest_route=\/wp\/v2\/media\/130346"}],"wp:attachment":[{"href":"https:\/\/archive.sana.sy\/tr\/index.php?rest_route=%2Fwp%2Fv2%2Fmedia&parent=130344"}],"wp:term":[{"taxonomy":"category","embeddable":true,"href":"https:\/\/archive.sana.sy\/tr\/index.php?rest_route=%2Fwp%2Fv2%2Fcategories&post=130344"},{"taxonomy":"post_tag","embeddable":true,"href":"https:\/\/archive.sana.sy\/tr\/index.php?rest_route=%2Fwp%2Fv2%2Ftags&post=130344"}],"curies":[{"name":"wp","href":"https:\/\/api.w.org\/{rel}","templated":true}]}}