{"id":130351,"date":"2017-11-28T15:00:55","date_gmt":"2017-11-28T13:00:55","guid":{"rendered":"http:\/\/www.sana.sy\/tr\/?p=130351"},"modified":"2017-11-30T09:40:14","modified_gmt":"2017-11-30T07:40:14","slug":"suriye-heyeti-yarin-ulasacak","status":"publish","type":"post","link":"https:\/\/archive.sana.sy\/tr\/?p=130351","title":{"rendered":"Suriye Heyeti Yar\u0131n Ula\u015facak"},"content":{"rendered":"<p>\u015eAM \u2013 D\u0131\u015fi\u015fleri ve Gurbet\u00e7iler Bakanl\u0131\u011f\u0131nda yetkili bir kaynak; Cenevre 8 g\u00f6r\u00fc\u015fmelerine kat\u0131lacak Suriye heyetinin yar\u0131n Cenevre\u2019ye ula\u015faca\u011f\u0131n\u0131 belirtti.<\/p>\n<p>Yetkili kaynak SANA\u2019ya yapt\u0131\u011f\u0131 a\u00e7\u0131klamada; son iki g\u00fcn i\u00e7inde Suriye ve Rusya aras\u0131nda yap\u0131lan yo\u011fun temaslar ard\u0131ndan Suriye&#8217;nin BM daimi temsilcisi Be\u015f\u015far el Caferi ba\u015fkanl\u0131\u011f\u0131ndaki bir heyetle Cenevre 8 g\u00f6r\u00fc\u015fmelerine kat\u0131lma karar\u0131 ald\u0131\u011f\u0131n\u0131 ifade etti.<\/p>\n<p>BM genel sekreterinin Suriye \u00f6zel temsilcisi Staffan de Mistura d\u00fcn; Cenevre g\u00f6r\u00fc\u015fmelerinin herhangi bir \u00f6nko\u015ful olmaks\u0131z\u0131n yap\u0131lmas\u0131 gere\u011fini bir kez daha ifade etmi\u015fti.<\/p>\n","protected":false},"excerpt":{"rendered":"<p>\u015eAM \u2013 D\u0131\u015fi\u015fleri ve Gurbet\u00e7iler Bakanl\u0131\u011f\u0131nda yetkili bir kaynak; Cenevre 8 g\u00f6r\u00fc\u015fmelerine kat\u0131lacak Suriye heyetinin yar\u0131n Cenevre\u2019ye ula\u015faca\u011f\u0131n\u0131 belirtti. Yetkili kaynak SANA\u2019ya yapt\u0131\u011f\u0131 a\u00e7\u0131klamada; son iki g\u00fcn i\u00e7inde Suriye ve Rusya aras\u0131nda yap\u0131lan yo\u011fun temaslar ard\u0131ndan Suriye&#8217;nin BM daimi temsilcisi Be\u015f\u015far el Caferi ba\u015fkanl\u0131\u011f\u0131ndaki bir heyetle Cenevre 8 g\u00f6r\u00fc\u015fmelerine kat\u0131lma karar\u0131 ald\u0131\u011f\u0131n\u0131 ifade etti. BM &hellip;<\/p>\n","protected":false},"author":1,"featured_media":130355,"comment_status":"closed","ping_status":"closed","sticky":false,"template":"","format":"standard","meta":{"footnotes":""},"categories":[479,17988,478],"tags":[20035,25293,18473,2420,16591,19828,22181],"class_list":["post-130351","post","type-post","status-publish","format-standard","has-post-thumbnail","","category-haberler-yerel","category-son-haberler","category-yerel","tag-baris-gorusmeleri","tag-bessar-caferi","tag-cenevre-gorusmeleri","tag-disisleri-bakanligi","tag-suriye","tag-suriye-heyeti","tag-suriyeliler"],"_links":{"self":[{"href":"https:\/\/archive.sana.sy\/tr\/index.php?rest_route=\/wp\/v2\/posts\/130351","targetHints":{"allow":["GET"]}}],"collection":[{"href":"https:\/\/archive.sana.sy\/tr\/index.php?rest_route=\/wp\/v2\/posts"}],"about":[{"href":"https:\/\/archive.sana.sy\/tr\/index.php?rest_route=\/wp\/v2\/types\/post"}],"author":[{"embeddable":true,"href":"https:\/\/archive.sana.sy\/tr\/index.php?rest_route=\/wp\/v2\/users\/1"}],"replies":[{"embeddable":true,"href":"https:\/\/archive.sana.sy\/tr\/index.php?rest_route=%2Fwp%2Fv2%2Fcomments&post=130351"}],"version-history":[{"count":0,"href":"https:\/\/archive.sana.sy\/tr\/index.php?rest_route=\/wp\/v2\/posts\/130351\/revisions"}],"wp:featuredmedia":[{"embeddable":true,"href":"https:\/\/archive.sana.sy\/tr\/index.php?rest_route=\/wp\/v2\/media\/130355"}],"wp:attachment":[{"href":"https:\/\/archive.sana.sy\/tr\/index.php?rest_route=%2Fwp%2Fv2%2Fmedia&parent=130351"}],"wp:term":[{"taxonomy":"category","embeddable":true,"href":"https:\/\/archive.sana.sy\/tr\/index.php?rest_route=%2Fwp%2Fv2%2Fcategories&post=130351"},{"taxonomy":"post_tag","embeddable":true,"href":"https:\/\/archive.sana.sy\/tr\/index.php?rest_route=%2Fwp%2Fv2%2Ftags&post=130351"}],"curies":[{"name":"wp","href":"https:\/\/api.w.org\/{rel}","templated":true}]}}