{"id":130358,"date":"2017-11-28T13:30:26","date_gmt":"2017-11-28T11:30:26","guid":{"rendered":"http:\/\/www.sana.sy\/tr\/?p=130358"},"modified":"2017-11-30T09:41:13","modified_gmt":"2017-11-30T07:41:13","slug":"mantiktan-uzak-tutumlari-yapici-diyalogu-engelliyor","status":"publish","type":"post","link":"https:\/\/archive.sana.sy\/tr\/?p=130358","title":{"rendered":"Mant\u0131ktan Uzak Tutumlar\u0131 Yap\u0131c\u0131 Diyalogu Engelliyor"},"content":{"rendered":"<p>MOSKOVA \u2013 Rusya&#8217;n\u0131n BM Cenevre Ofisi Daimi Temsilcisi Aleksey Borodavkin; Suriye \u2018muhalefetinin\u2019 \u00f6ne s\u00fcrd\u00fc\u011f\u00fc taleplerin ger\u00e7ek\u00e7i olmad\u0131\u011f\u0131n\u0131 ve Cenevre&#8217;de herhangi bir yap\u0131c\u0131 diyalogu engelledi\u011fini vurgulad\u0131.<\/p>\n<p>Rus Tass Ajans\u0131na deme\u00e7 veren Borodavkin; Rusya&#8217;n\u0131n BMGK\u2019de daimi \u00fclkeler ve Suriye \u2018muhalefetinde\u2019 ekileri olan Bat\u0131l\u0131 devletler ile bulundu\u011fu temaslarda bu \u2018muhaliflerin\u2019 mant\u0131kla ilgileri olmayan tutumlar\u0131na son vermeleri ve ger\u00e7e\u011fe d\u00f6nmeleri konusunda temaslarda bulundu\u011funu kaydetti.<\/p>\n<p>Cenevre g\u00f6r\u00fc\u015fmelerinin \u00f6nko\u015fulsuz olmas\u0131 gere\u011fini vurgulayan BM Suriye \u00f6zel temsilcisi Staffan de Mistura d\u00fcn BMGK\u2019de daimi \u00fcye be\u015f \u00fclke temsilcileri ile kapal\u0131 bir toplant\u0131 d\u00fczenlemi\u015fti. Toplant\u0131da Borodavkin Rusya\u2019y\u0131 temsil etmi\u015fti.<\/p>\n","protected":false},"excerpt":{"rendered":"<p>MOSKOVA \u2013 Rusya&#8217;n\u0131n BM Cenevre Ofisi Daimi Temsilcisi Aleksey Borodavkin; Suriye \u2018muhalefetinin\u2019 \u00f6ne s\u00fcrd\u00fc\u011f\u00fc taleplerin ger\u00e7ek\u00e7i olmad\u0131\u011f\u0131n\u0131 ve Cenevre&#8217;de herhangi bir yap\u0131c\u0131 diyalogu engelledi\u011fini vurgulad\u0131. Rus Tass Ajans\u0131na deme\u00e7 veren Borodavkin; Rusya&#8217;n\u0131n BMGK\u2019de daimi \u00fclkeler ve Suriye \u2018muhalefetinde\u2019 ekileri olan Bat\u0131l\u0131 devletler ile bulundu\u011fu temaslarda bu \u2018muhaliflerin\u2019 mant\u0131kla ilgileri olmayan tutumlar\u0131na son vermeleri ve ger\u00e7e\u011fe &hellip;<\/p>\n","protected":false},"author":1,"featured_media":130361,"comment_status":"closed","ping_status":"closed","sticky":false,"template":"","format":"standard","meta":{"footnotes":""},"categories":[458,459,17988],"tags":[33562,20035,18473,18723,16591,18499,22181,27928],"class_list":["post-130358","post","type-post","status-publish","format-standard","has-post-thumbnail","","category-dunya1","category-haberler-arap-uluslararasi-politika","category-son-haberler","tag-aleksey-borodavkin","tag-baris-gorusmeleri","tag-cenevre-gorusmeleri","tag-muhalifler","tag-suriye","tag-suriye-muhalefeti","tag-suriyeliler","tag-suriyeliler-arasi-gorusmeler"],"_links":{"self":[{"href":"https:\/\/archive.sana.sy\/tr\/index.php?rest_route=\/wp\/v2\/posts\/130358","targetHints":{"allow":["GET"]}}],"collection":[{"href":"https:\/\/archive.sana.sy\/tr\/index.php?rest_route=\/wp\/v2\/posts"}],"about":[{"href":"https:\/\/archive.sana.sy\/tr\/index.php?rest_route=\/wp\/v2\/types\/post"}],"author":[{"embeddable":true,"href":"https:\/\/archive.sana.sy\/tr\/index.php?rest_route=\/wp\/v2\/users\/1"}],"replies":[{"embeddable":true,"href":"https:\/\/archive.sana.sy\/tr\/index.php?rest_route=%2Fwp%2Fv2%2Fcomments&post=130358"}],"version-history":[{"count":0,"href":"https:\/\/archive.sana.sy\/tr\/index.php?rest_route=\/wp\/v2\/posts\/130358\/revisions"}],"wp:featuredmedia":[{"embeddable":true,"href":"https:\/\/archive.sana.sy\/tr\/index.php?rest_route=\/wp\/v2\/media\/130361"}],"wp:attachment":[{"href":"https:\/\/archive.sana.sy\/tr\/index.php?rest_route=%2Fwp%2Fv2%2Fmedia&parent=130358"}],"wp:term":[{"taxonomy":"category","embeddable":true,"href":"https:\/\/archive.sana.sy\/tr\/index.php?rest_route=%2Fwp%2Fv2%2Fcategories&post=130358"},{"taxonomy":"post_tag","embeddable":true,"href":"https:\/\/archive.sana.sy\/tr\/index.php?rest_route=%2Fwp%2Fv2%2Ftags&post=130358"}],"curies":[{"name":"wp","href":"https:\/\/api.w.org\/{rel}","templated":true}]}}