{"id":13037,"date":"2014-10-16T14:09:02","date_gmt":"2014-10-16T11:09:02","guid":{"rendered":"http:\/\/www.sana.sy\/tr\/?p=13037"},"modified":"2014-10-16T14:09:02","modified_gmt":"2014-10-16T11:09:02","slug":"ebola-virusune-onlem-icraatlari-alindi","status":"publish","type":"post","link":"https:\/\/archive.sana.sy\/tr\/?p=13037","title":{"rendered":"Ebola Vir\u00fcs\u00fcne \u00d6nlem \u0130craatlar\u0131 Al\u0131nd\u0131"},"content":{"rendered":"<p>\u015eAM \u2013 Ebola vir\u00fcs\u00fc tehlikesinin d\u00fcnya genelinde yya\u0131lmas\u0131yla Sa\u011fl\u0131k Bakanl\u0131\u011f\u0131nda Kronik ve Salg\u0131n Hastal\u0131klar Departman\u0131 Direkt\u00f6r\u00fc Muhammed Nur Kakeci muhtemel herhangi bir isabetin derhal bildirilmesi ve gerekli t\u00fcm \u00f6nlemlerin al\u0131nmas\u0131 amac\u0131yla s\u0131n\u0131r merkezlerine ilaveten yurt genelindeki t\u00fcm sa\u011fl\u0131k merkezlerinde gerekli bir dizi icraatlar al\u0131nd\u0131\u011f\u0131n\u0131 belirtti.<\/p>\n<p>Kakeci Bakanl\u0131\u011f\u0131n Ebola vir\u00fcs\u00fcn\u00fc g\u00f6zetleme ve erken uyar\u0131 sistemine ald\u0131\u011f\u0131n\u0131 a\u00e7\u0131klarken \u015f\u00fcpheli herhangi bir durumda derhal gerekli t\u00fcm testlerin yap\u0131lmas\u0131 icraatlar\u0131nda bulundu\u011funu, t\u00fcm illerde karantina yerleri haz\u0131rland\u0131\u011f\u0131n\u0131 ifade etti.<\/p>\n<p>Yurt genelindeki t\u00fcm hastane ve sa\u011fl\u0131k merkezlerine ilaveten s\u0131n\u0131rlardaki merkezlere de bir genelge da\u011f\u0131tarak vir\u00fcs belirtileri ve \u015f\u00fcphe durumunda yap\u0131lmas\u0131 gerekenler konusunda bilgi aktard\u0131\u011f\u0131n\u0131 s\u00f6yleyen Kakeci, sa\u011fl\u0131k personellerine de e\u011fitim kurslar\u0131 yap\u0131ld\u0131\u011f\u0131n\u0131 s\u00f6zlerine ekledi.<\/p>\n","protected":false},"excerpt":{"rendered":"<p>\u015eAM \u2013 Ebola vir\u00fcs\u00fc tehlikesinin d\u00fcnya genelinde yya\u0131lmas\u0131yla Sa\u011fl\u0131k Bakanl\u0131\u011f\u0131nda Kronik ve Salg\u0131n Hastal\u0131klar Departman\u0131 Direkt\u00f6r\u00fc Muhammed Nur Kakeci muhtemel herhangi bir isabetin derhal bildirilmesi ve gerekli t\u00fcm \u00f6nlemlerin al\u0131nmas\u0131 amac\u0131yla s\u0131n\u0131r merkezlerine ilaveten yurt genelindeki t\u00fcm sa\u011fl\u0131k merkezlerinde gerekli bir dizi icraatlar al\u0131nd\u0131\u011f\u0131n\u0131 belirtti. Kakeci Bakanl\u0131\u011f\u0131n Ebola vir\u00fcs\u00fcn\u00fc g\u00f6zetleme ve erken uyar\u0131 sistemine ald\u0131\u011f\u0131n\u0131 &hellip;<\/p>\n","protected":false},"author":1,"featured_media":13038,"comment_status":"closed","ping_status":"closed","sticky":false,"template":"","format":"standard","meta":{"footnotes":""},"categories":[479,478],"tags":[3670,3672,3671],"class_list":["post-13037","post","type-post","status-publish","format-standard","has-post-thumbnail","","category-haberler-yerel","category-yerel","tag-ebola-virusune-onlem-icraatlari-alindi-sam-ebola-virusu-tehlikesinin-dunya-genelinde-yyailmasiyla-saglik-bakanliginda-kronik-ve-salgin-hastaliklar-departmani-direktoru-muhammed-nur-kakeci-mu","tag-saglik-personellerine-de-egitim-kurslari-yapildigini-sozlerine-ekledi","tag-tum-illerde-karantina-yerleri-hazirlandigini-ifade-etti-yurt-genelindeki-tum-hastane-ve-saglik-merkezlerine-ilaveten-sinirlardaki-merkezlere-de-bir-genelge-dagitarak-virus-belirtileri-ve-suphe-durumu"],"_links":{"self":[{"href":"https:\/\/archive.sana.sy\/tr\/index.php?rest_route=\/wp\/v2\/posts\/13037","targetHints":{"allow":["GET"]}}],"collection":[{"href":"https:\/\/archive.sana.sy\/tr\/index.php?rest_route=\/wp\/v2\/posts"}],"about":[{"href":"https:\/\/archive.sana.sy\/tr\/index.php?rest_route=\/wp\/v2\/types\/post"}],"author":[{"embeddable":true,"href":"https:\/\/archive.sana.sy\/tr\/index.php?rest_route=\/wp\/v2\/users\/1"}],"replies":[{"embeddable":true,"href":"https:\/\/archive.sana.sy\/tr\/index.php?rest_route=%2Fwp%2Fv2%2Fcomments&post=13037"}],"version-history":[{"count":0,"href":"https:\/\/archive.sana.sy\/tr\/index.php?rest_route=\/wp\/v2\/posts\/13037\/revisions"}],"wp:featuredmedia":[{"embeddable":true,"href":"https:\/\/archive.sana.sy\/tr\/index.php?rest_route=\/wp\/v2\/media\/13038"}],"wp:attachment":[{"href":"https:\/\/archive.sana.sy\/tr\/index.php?rest_route=%2Fwp%2Fv2%2Fmedia&parent=13037"}],"wp:term":[{"taxonomy":"category","embeddable":true,"href":"https:\/\/archive.sana.sy\/tr\/index.php?rest_route=%2Fwp%2Fv2%2Fcategories&post=13037"},{"taxonomy":"post_tag","embeddable":true,"href":"https:\/\/archive.sana.sy\/tr\/index.php?rest_route=%2Fwp%2Fv2%2Ftags&post=13037"}],"curies":[{"name":"wp","href":"https:\/\/api.w.org\/{rel}","templated":true}]}}