{"id":130370,"date":"2017-11-28T14:57:08","date_gmt":"2017-11-28T12:57:08","guid":{"rendered":"http:\/\/www.sana.sy\/tr\/?p=130370"},"modified":"2017-11-29T12:45:03","modified_gmt":"2017-11-29T10:45:03","slug":"mulkleri-hasar-gorenler-muaf-tutuldu","status":"publish","type":"post","link":"https:\/\/archive.sana.sy\/tr\/?p=130370","title":{"rendered":"M\u00fclkleri Hasar G\u00f6renler Muaf Tutuldu"},"content":{"rendered":"<p>\u015eAM \u2013 Cumhurba\u015fkan\u0131 Be\u015f\u015far el Esad bug\u00fcn; m\u00fclkleri ter\u00f6r sald\u0131r\u0131lar\u0131 sonucunda hasar g\u00f6ren m\u00fclk sahiplerinin imar vergisinden muaf tutulmalar\u0131n\u0131 \u00f6ng\u00f6ren 2017\/39 say\u0131l\u0131 kanunnameyi onaylad\u0131.<\/p>\n<p>M\u00fclkleri herhangi bir \u015fekilde hasar g\u00f6ren m\u00fclk sahiplerinin s\u00f6z konusu m\u00fclklerde c\u00fczi ya da tam onar\u0131m yapmalar\u0131 veya yeniden in\u015fa etmeleri halinde her t\u00fcrl\u00fc imar vergisi ve harc\u0131ndan muaf tutulmalar\u0131n\u0131 \u00f6ng\u00f6ren kanunname Halk Meclisinin 21-11-2017 tarihli oturumunda milletvekilleri taraf\u0131ndan tart\u0131\u015f\u0131l\u0131p karara ba\u011flanmas\u0131 ard\u0131ndan onay i\u00e7in cumhurba\u015fkanl\u0131\u011f\u0131na sevk edilmi\u015fti.<\/p>\n","protected":false},"excerpt":{"rendered":"<p>\u015eAM \u2013 Cumhurba\u015fkan\u0131 Be\u015f\u015far el Esad bug\u00fcn; m\u00fclkleri ter\u00f6r sald\u0131r\u0131lar\u0131 sonucunda hasar g\u00f6ren m\u00fclk sahiplerinin imar vergisinden muaf tutulmalar\u0131n\u0131 \u00f6ng\u00f6ren 2017\/39 say\u0131l\u0131 kanunnameyi onaylad\u0131. M\u00fclkleri herhangi bir \u015fekilde hasar g\u00f6ren m\u00fclk sahiplerinin s\u00f6z konusu m\u00fclklerde c\u00fczi ya da tam onar\u0131m yapmalar\u0131 veya yeniden in\u015fa etmeleri halinde her t\u00fcrl\u00fc imar vergisi ve harc\u0131ndan muaf tutulmalar\u0131n\u0131 \u00f6ng\u00f6ren &hellip;<\/p>\n","protected":false},"author":1,"featured_media":130371,"comment_status":"closed","ping_status":"closed","sticky":false,"template":"","format":"standard","meta":{"footnotes":""},"categories":[485,486,605,17988,612,599],"tags":[18363,17256,8767,20113,33566,18423,16591,24119,22181,19285],"class_list":["post-130370","post","type-post","status-publish","format-standard","has-post-thumbnail","","category-is-ve-sermaye","category-haberler-is-ve-sermaye","category-sayin-cumhurbaskani","category-son-haberler","category-yasama-kararnameler","category-yasama-ve-kanunlar","tag-af-karari","tag-bessar-el-esad","tag-cumhurbaskani","tag-esad","tag-imar-vergisi","tag-kanunname","tag-suriye","tag-suriye-lideri","tag-suriyeliler","tag-teror-magdurlari"],"_links":{"self":[{"href":"https:\/\/archive.sana.sy\/tr\/index.php?rest_route=\/wp\/v2\/posts\/130370","targetHints":{"allow":["GET"]}}],"collection":[{"href":"https:\/\/archive.sana.sy\/tr\/index.php?rest_route=\/wp\/v2\/posts"}],"about":[{"href":"https:\/\/archive.sana.sy\/tr\/index.php?rest_route=\/wp\/v2\/types\/post"}],"author":[{"embeddable":true,"href":"https:\/\/archive.sana.sy\/tr\/index.php?rest_route=\/wp\/v2\/users\/1"}],"replies":[{"embeddable":true,"href":"https:\/\/archive.sana.sy\/tr\/index.php?rest_route=%2Fwp%2Fv2%2Fcomments&post=130370"}],"version-history":[{"count":0,"href":"https:\/\/archive.sana.sy\/tr\/index.php?rest_route=\/wp\/v2\/posts\/130370\/revisions"}],"wp:featuredmedia":[{"embeddable":true,"href":"https:\/\/archive.sana.sy\/tr\/index.php?rest_route=\/wp\/v2\/media\/130371"}],"wp:attachment":[{"href":"https:\/\/archive.sana.sy\/tr\/index.php?rest_route=%2Fwp%2Fv2%2Fmedia&parent=130370"}],"wp:term":[{"taxonomy":"category","embeddable":true,"href":"https:\/\/archive.sana.sy\/tr\/index.php?rest_route=%2Fwp%2Fv2%2Fcategories&post=130370"},{"taxonomy":"post_tag","embeddable":true,"href":"https:\/\/archive.sana.sy\/tr\/index.php?rest_route=%2Fwp%2Fv2%2Ftags&post=130370"}],"curies":[{"name":"wp","href":"https:\/\/api.w.org\/{rel}","templated":true}]}}