{"id":13040,"date":"2014-10-16T14:40:14","date_gmt":"2014-10-16T11:40:14","guid":{"rendered":"http:\/\/www.sana.sy\/tr\/?p=13040"},"modified":"2014-10-16T14:53:33","modified_gmt":"2014-10-16T11:53:33","slug":"13040","status":"publish","type":"post","link":"https:\/\/archive.sana.sy\/tr\/?p=13040","title":{"rendered":"K\u00f6rfez Rejimleri Amerikan Plan\u0131yla Suriye\u2019deki Ter\u00f6r \u00d6rg\u00fctlerini Finanse Etti"},"content":{"rendered":"<p>KAH\u0130RE \u2013 M\u0131s\u0131rl\u0131 Yazar Hamdi Hammudeh, baz\u0131 K\u00f6rfez rejimlerinin Suriye devletini d\u00fc\u015f\u00fcrmek i\u00e7in Amerikan plan\u0131 ve s\u00f6zde yeni orta do\u011fu projesi i\u00e7erisinde di\u011fer Arap \u00fclkelerinin, i\u00e7inde I\u015e\u0130D ve Nusra cephesinin de i\u00e7inde bulundu\u011fu ter\u00f6r \u00f6rg\u00fctlerine b\u00fcy\u00fck paralar sarf ettiklerini belitti.<\/p>\n<p>Hammudeh, Suriye\u2019yi Arap kurulundan uzakla\u015ft\u0131ranlar\u0131n M\u0131s\u0131r, Tunus, Libya ve Yemen\u2019e Arap yang\u0131n\u0131n\u0131 getirenin ayn\u0131s\u0131 oldu\u011funa i\u015faret etti.<\/p>\n<p>M\u0131s\u0131rl\u0131 el Vefd gazetesinin yay\u0131nlad\u0131\u011f\u0131 makalesinde Hammudeh, b\u00fcy\u00fck k\u00fc\u00e7\u00fck herkesin Arap yar\u0131madas\u0131 ile di\u011fer Arap rejimlerinin I\u015e\u0130D ve Nusra Cephesi ter\u00f6r \u00f6rg\u00fctlerine b\u00fcy\u00fck paralar harcad\u0131klar\u0131n\u0131 ve \u00f6ncelikle devletini d\u00fc\u015f\u00fcrmek gayesiyle Suriye\u2019de daha sonra da di\u011fer Arap \u00fclkelerinde yaymak i\u00e7in ad\u0131n\u0131 da \u0131l\u0131man muhalefet diye adland\u0131rd\u0131klar\u0131n\u0131, bug\u00fcn ise bu iki ter\u00f6r \u00f6rg\u00fct\u00fcnden bo\u015f olan hi\u00e7 bir Arap ve Bat\u0131l\u0131 \u00fclkenin bulunmad\u0131\u011f\u0131n\u0131 ifade etti.<\/p>\n<p>Yazar, \u201cEl Kaide ter\u00f6r \u00f6rg\u00fct\u00fc lideri Eymen Zevahiri\u2019nin bir hafta \u00f6nce Hindistan\u2019da Kaide\u2019nin \u00e7ekirde\u011fini olu\u015fturdu\u011funu, M\u0131s\u0131r ve Arap \u00fclkeleri, T\u00fcrkiye ve Amerika\u2019n\u0131n emirleriyle Arap \u00fclkelerini par\u00e7alamaya \u00e7al\u0131\u015fan Katar \u015feyhli\u011finin rahmeti alt\u0131nda m\u0131 kalacak\u201d ilan\u0131nda bulundu\u011funu a\u00e7\u0131klad\u0131.<\/p>\n<p>Yazar Hammudeh, ABD, T\u00fcrkiye ve Katar \u015feyhli\u011fi aras\u0131ndaki koalisyonun halen kaim oldu\u011funu yeni orta do\u00fcu haritas\u0131n\u0131n uygulanmas\u0131 palan\u0131n\u0131n halen s\u00fcrd\u00fc\u011f\u00fcn\u00fc dile getirdi.<\/p>\n<p>Yazar, I\u015e\u0130D\u2019i getirenin Amerika oldu\u011funu Irak dahilinde hareketlenme emri verdi\u011fini, \u00f6yle ki Irak\u2019ta 2006\u2019dan beri uyanana kadar yatan h\u00fccrelerin bulundu\u011funu, Suriye, Irak ve L\u00fcbnan\u2019da b\u00fct\u00fcn taifelerden aile, erkek ve kad\u0131nlar\u0131 \u00f6ld\u00fcrme, yakma, kesme ve esir alma hareketlenmelerine ba\u015flad\u0131\u011f\u0131n\u0131, bunu da \u00f6zellikle kendisine tabi olacak il veya ekonomik vilayet sayd\u0131\u011f\u0131 Erbil olmak \u00fczere, Irak\u2019a bir daha geri d\u00f6nd\u00fcrecek gerek\u00e7e bulmak i\u00e7in Amerikan y\u00f6netiminin bilgisi dahilinde cereyan etti\u011fine dikkat \u00e7ekti.<\/p>\n","protected":false},"excerpt":{"rendered":"<p>KAH\u0130RE \u2013 M\u0131s\u0131rl\u0131 Yazar Hamdi Hammudeh, baz\u0131 K\u00f6rfez rejimlerinin Suriye devletini d\u00fc\u015f\u00fcrmek i\u00e7in Amerikan plan\u0131 ve s\u00f6zde yeni orta do\u011fu projesi i\u00e7erisinde di\u011fer Arap \u00fclkelerinin, i\u00e7inde I\u015e\u0130D ve Nusra cephesinin de i\u00e7inde bulundu\u011fu ter\u00f6r \u00f6rg\u00fctlerine b\u00fcy\u00fck paralar sarf ettiklerini belitti. Hammudeh, Suriye\u2019yi Arap kurulundan uzakla\u015ft\u0131ranlar\u0131n M\u0131s\u0131r, Tunus, Libya ve Yemen\u2019e Arap yang\u0131n\u0131n\u0131 getirenin ayn\u0131s\u0131 oldu\u011funa &hellip;<\/p>\n","protected":false},"author":1,"featured_media":13041,"comment_status":"closed","ping_status":"closed","sticky":false,"template":"","format":"standard","meta":{"footnotes":""},"categories":[558,556],"tags":[3673],"class_list":["post-13040","post","type-post","status-publish","format-standard","has-post-thumbnail","","category-arap-basini","category-basin","tag-korfez-rejimleri-amerikan-planiyla-suriyedeki-teror-orgutlerini-finanse-etti"],"_links":{"self":[{"href":"https:\/\/archive.sana.sy\/tr\/index.php?rest_route=\/wp\/v2\/posts\/13040","targetHints":{"allow":["GET"]}}],"collection":[{"href":"https:\/\/archive.sana.sy\/tr\/index.php?rest_route=\/wp\/v2\/posts"}],"about":[{"href":"https:\/\/archive.sana.sy\/tr\/index.php?rest_route=\/wp\/v2\/types\/post"}],"author":[{"embeddable":true,"href":"https:\/\/archive.sana.sy\/tr\/index.php?rest_route=\/wp\/v2\/users\/1"}],"replies":[{"embeddable":true,"href":"https:\/\/archive.sana.sy\/tr\/index.php?rest_route=%2Fwp%2Fv2%2Fcomments&post=13040"}],"version-history":[{"count":0,"href":"https:\/\/archive.sana.sy\/tr\/index.php?rest_route=\/wp\/v2\/posts\/13040\/revisions"}],"wp:featuredmedia":[{"embeddable":true,"href":"https:\/\/archive.sana.sy\/tr\/index.php?rest_route=\/wp\/v2\/media\/13041"}],"wp:attachment":[{"href":"https:\/\/archive.sana.sy\/tr\/index.php?rest_route=%2Fwp%2Fv2%2Fmedia&parent=13040"}],"wp:term":[{"taxonomy":"category","embeddable":true,"href":"https:\/\/archive.sana.sy\/tr\/index.php?rest_route=%2Fwp%2Fv2%2Fcategories&post=13040"},{"taxonomy":"post_tag","embeddable":true,"href":"https:\/\/archive.sana.sy\/tr\/index.php?rest_route=%2Fwp%2Fv2%2Ftags&post=13040"}],"curies":[{"name":"wp","href":"https:\/\/api.w.org\/{rel}","templated":true}]}}