{"id":130471,"date":"2017-11-29T11:58:07","date_gmt":"2017-11-29T09:58:07","guid":{"rendered":"http:\/\/www.sana.sy\/tr\/?p=130471"},"modified":"2017-11-30T09:38:06","modified_gmt":"2017-11-30T07:38:06","slug":"cocuklara-kirtasiye-ve-okul-cantalari-dagitildi-video","status":"publish","type":"post","link":"https:\/\/archive.sana.sy\/tr\/?p=130471","title":{"rendered":"\u00c7ocuklara K\u0131rtasiye ve Okul \u00c7antalar\u0131 Da\u011f\u0131t\u0131ld\u0131 (video)"},"content":{"rendered":"<p>DEYREZZOR \u2013 Deyrezzor \u0130l E\u011fitim M\u00fcd\u00fcrl\u00fc\u011f\u00fc bug\u00fcn Deyrezzor\u2019da okullar\u0131na d\u00f6nen \u00e7ocuklara okul \u00e7antalar\u0131 da\u011f\u0131tt\u0131.<\/p>\n<p>Deyrezzor Valisi Muhammed \u0130brahim Semra; Suriye Kalk\u0131nma Sekretaryas\u0131n\u0131n takdim etti\u011fi okul \u00e7antalar\u0131n\u0131n Deyrezzor\u2019da \u00e7ocuklar\u0131n okullar\u0131na d\u00f6nmelerine destek ve te\u015fvik amac\u0131 ta\u015f\u0131d\u0131\u011f\u0131n\u0131 ifade etti. Vali Semra \u00e7antalarda \u00e7ocuklar\u0131n okulda ihtiya\u00e7 duyacaklar\u0131 t\u00fcm k\u0131rtasiye gereksinimlerinin de bulundu\u011funu kaydetti.<\/p>\n<p>Vali Semra \u00e7ocuklar\u0131n karanl\u0131k ideolojinin pe\u015fine s\u00fcr\u00fcklenme yerine ilim ile geleceklerini yap\u0131land\u0131rmalar\u0131 amac\u0131yla Suriye&#8217;nin t\u00fcm \u00e7ocuklar\u0131n okullar\u0131na geri d\u00f6nmeleri ve e\u011fitimlerini s\u00fcrd\u00fcrmeleri i\u00e7in gereken her gayreti g\u00f6sterdi\u011finin alt\u0131n\u0131 \u00e7izdi.<\/p>\n<p>https:\/\/www.youtube.com\/watch?v=tG-mlo89ljA<\/p>\n","protected":false},"excerpt":{"rendered":"<p>DEYREZZOR \u2013 Deyrezzor \u0130l E\u011fitim M\u00fcd\u00fcrl\u00fc\u011f\u00fc bug\u00fcn Deyrezzor\u2019da okullar\u0131na d\u00f6nen \u00e7ocuklara okul \u00e7antalar\u0131 da\u011f\u0131tt\u0131. Deyrezzor Valisi Muhammed \u0130brahim Semra; Suriye Kalk\u0131nma Sekretaryas\u0131n\u0131n takdim etti\u011fi okul \u00e7antalar\u0131n\u0131n Deyrezzor\u2019da \u00e7ocuklar\u0131n okullar\u0131na d\u00f6nmelerine destek ve te\u015fvik amac\u0131 ta\u015f\u0131d\u0131\u011f\u0131n\u0131 ifade etti. Vali Semra \u00e7antalarda \u00e7ocuklar\u0131n okulda ihtiya\u00e7 duyacaklar\u0131 t\u00fcm k\u0131rtasiye gereksinimlerinin de bulundu\u011funu kaydetti. Vali Semra \u00e7ocuklar\u0131n karanl\u0131k ideolojinin &hellip;<\/p>\n","protected":false},"author":1,"featured_media":130476,"comment_status":"closed","ping_status":"closed","sticky":false,"template":"","format":"standard","meta":{"footnotes":""},"categories":[526,479,541,17988,525,538,478],"tags":[2494,24918,29483,33580,19647,16591,25414,22181,28325],"class_list":["post-130471","post","type-post","status-publish","format-standard","has-post-thumbnail","","category-haber-ve-raporlar","category-haberler-yerel","category-haberler","category-son-haberler","category-toplum","category-yasam","category-yerel","tag-deyrezzor","tag-deyrezzor-valisi","tag-ibrahim-semra","tag-okul-cantalari","tag-okul-ogrencileri","tag-suriye","tag-suriyeli-cocuklar","tag-suriyeliler","tag-vali"],"_links":{"self":[{"href":"https:\/\/archive.sana.sy\/tr\/index.php?rest_route=\/wp\/v2\/posts\/130471","targetHints":{"allow":["GET"]}}],"collection":[{"href":"https:\/\/archive.sana.sy\/tr\/index.php?rest_route=\/wp\/v2\/posts"}],"about":[{"href":"https:\/\/archive.sana.sy\/tr\/index.php?rest_route=\/wp\/v2\/types\/post"}],"author":[{"embeddable":true,"href":"https:\/\/archive.sana.sy\/tr\/index.php?rest_route=\/wp\/v2\/users\/1"}],"replies":[{"embeddable":true,"href":"https:\/\/archive.sana.sy\/tr\/index.php?rest_route=%2Fwp%2Fv2%2Fcomments&post=130471"}],"version-history":[{"count":0,"href":"https:\/\/archive.sana.sy\/tr\/index.php?rest_route=\/wp\/v2\/posts\/130471\/revisions"}],"wp:featuredmedia":[{"embeddable":true,"href":"https:\/\/archive.sana.sy\/tr\/index.php?rest_route=\/wp\/v2\/media\/130476"}],"wp:attachment":[{"href":"https:\/\/archive.sana.sy\/tr\/index.php?rest_route=%2Fwp%2Fv2%2Fmedia&parent=130471"}],"wp:term":[{"taxonomy":"category","embeddable":true,"href":"https:\/\/archive.sana.sy\/tr\/index.php?rest_route=%2Fwp%2Fv2%2Fcategories&post=130471"},{"taxonomy":"post_tag","embeddable":true,"href":"https:\/\/archive.sana.sy\/tr\/index.php?rest_route=%2Fwp%2Fv2%2Ftags&post=130471"}],"curies":[{"name":"wp","href":"https:\/\/api.w.org\/{rel}","templated":true}]}}