{"id":130484,"date":"2017-11-29T12:35:35","date_gmt":"2017-11-29T10:35:35","guid":{"rendered":"http:\/\/www.sana.sy\/tr\/?p=130484"},"modified":"2017-11-30T09:37:12","modified_gmt":"2017-11-30T07:37:12","slug":"fifa-hafizalarda-olumsuz-kalacaktir","status":"publish","type":"post","link":"https:\/\/archive.sana.sy\/tr\/?p=130484","title":{"rendered":"FIFA: Haf\u0131zalarda \u00d6l\u00fcms\u00fcz Kalacakt\u0131r"},"content":{"rendered":"<p>Z\u00dcR\u0130H \u2013 Uluslararas\u0131 Futbol Federasyonu FIFA; 2018\u2019de Rusya\u2019da yap\u0131lacak d\u00fcnya futbol kupas\u0131 elemelerinde Suriye&#8217;nin \u0130ran ile oynad\u0131\u011f\u0131 ma\u00e7\u0131 alt\u0131 ma\u00e7 aras\u0131nda en iyi ma\u00e7 olarak se\u00e7ti.<\/p>\n<p>FIFA resmi web sitesinde d\u00fcn yay\u0131nlad\u0131\u011f\u0131 raporunda; Suriye&#8217;nin \u0130ran ile oynad\u0131\u011f\u0131 d\u00fcnya kupas\u0131 eleme ma\u00e7\u0131n\u0131n teknik ve performans a\u00e7\u0131s\u0131ndan en iyi d\u00f6rd\u00fcnc\u00fc ma\u00e7 olarak se\u00e7ildi\u011fini kaydetti.<\/p>\n<p>Suriye tak\u0131m\u0131n\u0131n yedi y\u0131la yak\u0131n s\u00fcredir ya\u015fad\u0131\u011f\u0131 sava\u015f ve yapt\u0131r\u0131m ko\u015fullar\u0131n\u0131n yan\u0131 s\u0131ra eleme ma\u00e7lar\u0131nda 14 mil mesafe almas\u0131na ra\u011fmen elemelerde y\u00fcksek performans ve \u015fampiyonlu\u011funu kan\u0131tlad\u0131\u011f\u0131n\u0131 ifade eden FIFA; bunun kelimenin anlam\u0131yla takdire \u015fayan oldu\u011funu kaydetti.<\/p>\n<p>Rapor foto\u011fraf\u0131n\u0131 Suriye tak\u0131m\u0131n\u0131n \u0130ran\u2019a kar\u015f\u0131 g\u00f6l sevincinin g\u00f6r\u00fcnt\u00fclerinden se\u00e7en FIFA; Suriye tak\u0131m\u0131n\u0131n D\u00fcnya Kupas\u0131 elemelerinde \u00fcst\u00fcn performans\u0131 ve ba\u015far\u0131lar\u0131n\u0131n sonsuza dek haf\u0131zalarda \u00f6l\u00fcms\u00fcz olarak kalaca\u011f\u0131n\u0131n alt\u0131n\u0131 \u00e7izdi.<\/p>\n","protected":false},"excerpt":{"rendered":"<p>Z\u00dcR\u0130H \u2013 Uluslararas\u0131 Futbol Federasyonu FIFA; 2018\u2019de Rusya\u2019da yap\u0131lacak d\u00fcnya futbol kupas\u0131 elemelerinde Suriye&#8217;nin \u0130ran ile oynad\u0131\u011f\u0131 ma\u00e7\u0131 alt\u0131 ma\u00e7 aras\u0131nda en iyi ma\u00e7 olarak se\u00e7ti. FIFA resmi web sitesinde d\u00fcn yay\u0131nlad\u0131\u011f\u0131 raporunda; Suriye&#8217;nin \u0130ran ile oynad\u0131\u011f\u0131 d\u00fcnya kupas\u0131 eleme ma\u00e7\u0131n\u0131n teknik ve performans a\u00e7\u0131s\u0131ndan en iyi d\u00f6rd\u00fcnc\u00fc ma\u00e7 olarak se\u00e7ildi\u011fini kaydetti. Suriye tak\u0131m\u0131n\u0131n yedi &hellip;<\/p>\n","protected":false},"author":1,"featured_media":130487,"comment_status":"closed","ping_status":"closed","sticky":false,"template":"","format":"standard","meta":{"footnotes":""},"categories":[458,498,459,17988,496],"tags":[12319,28585,33582,26998,33584,16591,31170,27728,22181,33583],"class_list":["post-130484","post","type-post","status-publish","format-standard","has-post-thumbnail","","category-dunya1","category-dunya-turnuvalari","category-haberler-arap-uluslararasi-politika","category-son-haberler","category-spor","tag-spor","tag-dunya-kupasi","tag-fifa","tag-futbol","tag-futbol-tarihi","tag-suriye","tag-suriye-futbolu","tag-suriye-takimi","tag-suriyeliler","tag-uluslararasi-futbol-federasyonu"],"_links":{"self":[{"href":"https:\/\/archive.sana.sy\/tr\/index.php?rest_route=\/wp\/v2\/posts\/130484","targetHints":{"allow":["GET"]}}],"collection":[{"href":"https:\/\/archive.sana.sy\/tr\/index.php?rest_route=\/wp\/v2\/posts"}],"about":[{"href":"https:\/\/archive.sana.sy\/tr\/index.php?rest_route=\/wp\/v2\/types\/post"}],"author":[{"embeddable":true,"href":"https:\/\/archive.sana.sy\/tr\/index.php?rest_route=\/wp\/v2\/users\/1"}],"replies":[{"embeddable":true,"href":"https:\/\/archive.sana.sy\/tr\/index.php?rest_route=%2Fwp%2Fv2%2Fcomments&post=130484"}],"version-history":[{"count":0,"href":"https:\/\/archive.sana.sy\/tr\/index.php?rest_route=\/wp\/v2\/posts\/130484\/revisions"}],"wp:featuredmedia":[{"embeddable":true,"href":"https:\/\/archive.sana.sy\/tr\/index.php?rest_route=\/wp\/v2\/media\/130487"}],"wp:attachment":[{"href":"https:\/\/archive.sana.sy\/tr\/index.php?rest_route=%2Fwp%2Fv2%2Fmedia&parent=130484"}],"wp:term":[{"taxonomy":"category","embeddable":true,"href":"https:\/\/archive.sana.sy\/tr\/index.php?rest_route=%2Fwp%2Fv2%2Fcategories&post=130484"},{"taxonomy":"post_tag","embeddable":true,"href":"https:\/\/archive.sana.sy\/tr\/index.php?rest_route=%2Fwp%2Fv2%2Ftags&post=130484"}],"curies":[{"name":"wp","href":"https:\/\/api.w.org\/{rel}","templated":true}]}}