{"id":130493,"date":"2017-11-29T13:39:26","date_gmt":"2017-11-29T11:39:26","guid":{"rendered":"http:\/\/www.sana.sy\/tr\/?p=130493"},"modified":"2017-11-30T12:36:26","modified_gmt":"2017-11-30T10:36:26","slug":"terore-karsi-operasyonlar-devam-ediyor","status":"publish","type":"post","link":"https:\/\/archive.sana.sy\/tr\/?p=130493","title":{"rendered":"Ter\u00f6re Kar\u015f\u0131 Operasyonlar Devam Ediyor"},"content":{"rendered":"<p>HALEP \u2013 M\u00fcttefik ve destek\u00e7i g\u00fc\u00e7lerle i\u015fbirli\u011fi i\u00e7inde ter\u00f6re kar\u015f\u0131 amans\u0131z operasyonlar\u0131n\u0131 s\u00fcrd\u00fcren ordu birliklerimiz bug\u00fcn bir k\u0131s\u0131m b\u00f6lgeleri ter\u00f6rden kurtararak ahalinin g\u00fcvenlik ve istikrar\u0131n\u0131 temin etti.<\/p>\n<p>Askeri bir kaynak vatan koruyucular\u0131 ordu birliklerimizin son birka\u00e7 saat i\u00e7inde m\u00fcttefik g\u00fc\u00e7lerle i\u015fbirli\u011fi i\u00e7inde Halep k\u0131rsal\u0131n\u0131n g\u00fcneydo\u011fusunda Nusra Cephesi ve m\u00fcttefikleri ter\u00f6r \u00f6rg\u00fctlere kar\u015f\u0131 nitelikli operasyonlarda bulunduklar\u0131n\u0131 belirtti.<\/p>\n<p>Kaynak nitelikli operasyonlarda aralar\u0131nda saha komutanlar\u0131n\u0131n bulundu\u011fu \u00e7ok say\u0131da ter\u00f6ristin \u00f6ld\u00fcr\u00fclmesi ard\u0131ndan Hanas\u0131r Beldesinin g\u00fcneybat\u0131s\u0131nda yer alan Mezra ve Izeyzet Ubeysan k\u00f6ylerinin ter\u00f6rden kurtar\u0131ld\u0131klar\u0131n\u0131 aktard\u0131. Ordu birliklerimizin iki k\u00f6yde ter\u00f6ristlerin vatanda\u015flar\u0131n evlerine ve yollara d\u00f6\u015fedikleri bubi tuzaklar\u0131n\u0131 etkisizle\u015ftirme operasyonlar\u0131n\u0131 s\u00fcrd\u00fcrd\u00fcklerini ifade eden kaynak; sa\u011f kal\u0131p civar b\u00f6lgelere ka\u00e7an ter\u00f6ristleri kovalama operasyonlar\u0131n\u0131n devam etti\u011fini kaydetti.<\/p>\n","protected":false},"excerpt":{"rendered":"<p>HALEP \u2013 M\u00fcttefik ve destek\u00e7i g\u00fc\u00e7lerle i\u015fbirli\u011fi i\u00e7inde ter\u00f6re kar\u015f\u0131 amans\u0131z operasyonlar\u0131n\u0131 s\u00fcrd\u00fcren ordu birliklerimiz bug\u00fcn bir k\u0131s\u0131m b\u00f6lgeleri ter\u00f6rden kurtararak ahalinin g\u00fcvenlik ve istikrar\u0131n\u0131 temin etti. Askeri bir kaynak vatan koruyucular\u0131 ordu birliklerimizin son birka\u00e7 saat i\u00e7inde m\u00fcttefik g\u00fc\u00e7lerle i\u015fbirli\u011fi i\u00e7inde Halep k\u0131rsal\u0131n\u0131n g\u00fcneydo\u011fusunda Nusra Cephesi ve m\u00fcttefikleri ter\u00f6r \u00f6rg\u00fctlere kar\u015f\u0131 nitelikli operasyonlarda bulunduklar\u0131n\u0131 &hellip;<\/p>\n","protected":false},"author":1,"featured_media":130497,"comment_status":"closed","ping_status":"closed","sticky":false,"template":"","format":"standard","meta":{"footnotes":""},"categories":[479,575,17988,478],"tags":[3464,18365,18237,25920,16591,11549,19034,22181,28327,4076],"class_list":["post-130493","post","type-post","status-publish","format-standard","has-post-thumbnail","","category-haberler-yerel","category-olaylar-ve-gercekler","category-son-haberler","category-yerel","tag-nusra-cephesi","tag-ahrar-el-sam","tag-cihatcilar","tag-ortadogu","tag-suriye","tag-suriye-ordusu","tag-suriyeli-muhalifler","tag-suriyeliler","tag-tahrir-el-sam","tag-terorle-mucadele"],"_links":{"self":[{"href":"https:\/\/archive.sana.sy\/tr\/index.php?rest_route=\/wp\/v2\/posts\/130493","targetHints":{"allow":["GET"]}}],"collection":[{"href":"https:\/\/archive.sana.sy\/tr\/index.php?rest_route=\/wp\/v2\/posts"}],"about":[{"href":"https:\/\/archive.sana.sy\/tr\/index.php?rest_route=\/wp\/v2\/types\/post"}],"author":[{"embeddable":true,"href":"https:\/\/archive.sana.sy\/tr\/index.php?rest_route=\/wp\/v2\/users\/1"}],"replies":[{"embeddable":true,"href":"https:\/\/archive.sana.sy\/tr\/index.php?rest_route=%2Fwp%2Fv2%2Fcomments&post=130493"}],"version-history":[{"count":0,"href":"https:\/\/archive.sana.sy\/tr\/index.php?rest_route=\/wp\/v2\/posts\/130493\/revisions"}],"wp:featuredmedia":[{"embeddable":true,"href":"https:\/\/archive.sana.sy\/tr\/index.php?rest_route=\/wp\/v2\/media\/130497"}],"wp:attachment":[{"href":"https:\/\/archive.sana.sy\/tr\/index.php?rest_route=%2Fwp%2Fv2%2Fmedia&parent=130493"}],"wp:term":[{"taxonomy":"category","embeddable":true,"href":"https:\/\/archive.sana.sy\/tr\/index.php?rest_route=%2Fwp%2Fv2%2Fcategories&post=130493"},{"taxonomy":"post_tag","embeddable":true,"href":"https:\/\/archive.sana.sy\/tr\/index.php?rest_route=%2Fwp%2Fv2%2Ftags&post=130493"}],"curies":[{"name":"wp","href":"https:\/\/api.w.org\/{rel}","templated":true}]}}