{"id":130511,"date":"2017-11-29T13:51:49","date_gmt":"2017-11-29T11:51:49","guid":{"rendered":"http:\/\/www.sana.sy\/tr\/?p=130511"},"modified":"2017-11-30T09:36:59","modified_gmt":"2017-11-30T07:36:59","slug":"bunun-icin-zaman-henuz-erken","status":"publish","type":"post","link":"https:\/\/archive.sana.sy\/tr\/?p=130511","title":{"rendered":"Bunun \u0130\u00e7in Zaman Hen\u00fcz Erken"},"content":{"rendered":"<p>MOSKOVA \u2013 Rusya Federasyonu Konseyinde savunma ve g\u00fcvenlik komitesi ba\u015fkan\u0131 Victor Bondarev; Suriye&#8217;de ter\u00f6rle m\u00fccadele eden Rus hava g\u00fc\u00e7lerini \u00e7ekmekten s\u00f6z etmek i\u00e7in zaman\u0131n hen\u00fcz erken oldu\u011funu belirtti.<\/p>\n<p>Rus Sputnik Ajans\u0131na deme\u00e7 veren Bondarev; Suriye&#8217;de ter\u00f6r\u00fcn nihai bir \u015fekilde yok edilmesi \u00f6ncesinde orada bulunan Rus g\u00fc\u00e7leri \u00e7ekmekten s\u00f6z etmenin m\u00fcmk\u00fcn olmad\u0131\u011f\u0131n\u0131 ifade etti.<\/p>\n<p>Rus yetkili ter\u00f6r\u00fcn yok edilmesi ve Rus g\u00fc\u00e7lerin \u00e7ekilmesi ard\u0131ndan da Hmeymim \u00dcss\u00fcndeki Rus Koordinasyon Merkezi ve ihtisaslar\u0131n\u0131n yan\u0131 s\u0131ra Hmeymim ve Tartus\u2019taki S 400 f\u00fcze sistemlerinin de yeterli say\u0131da kalacaklar\u0131n\u0131n alt\u0131n\u0131 \u00e7izdi.<\/p>\n<p>Bondarev ABD g\u00fc\u00e7lerinin Suriye topraklar\u0131n\u0131n herhangi bir b\u00f6lgesinde herhangi bir \u015fekilde kalmalar\u0131na kar\u015f\u0131 Rusya&#8217;n\u0131n kararl\u0131 tutumunu bir kez daha vurgulad\u0131.<\/p>\n","protected":false},"excerpt":{"rendered":"<p>MOSKOVA \u2013 Rusya Federasyonu Konseyinde savunma ve g\u00fcvenlik komitesi ba\u015fkan\u0131 Victor Bondarev; Suriye&#8217;de ter\u00f6rle m\u00fccadele eden Rus hava g\u00fc\u00e7lerini \u00e7ekmekten s\u00f6z etmek i\u00e7in zaman\u0131n hen\u00fcz erken oldu\u011funu belirtti. Rus Sputnik Ajans\u0131na deme\u00e7 veren Bondarev; Suriye&#8217;de ter\u00f6r\u00fcn nihai bir \u015fekilde yok edilmesi \u00f6ncesinde orada bulunan Rus g\u00fc\u00e7leri \u00e7ekmekten s\u00f6z etmenin m\u00fcmk\u00fcn olmad\u0131\u011f\u0131n\u0131 ifade etti. Rus yetkili &hellip;<\/p>\n","protected":false},"author":1,"featured_media":130512,"comment_status":"closed","ping_status":"closed","sticky":false,"template":"","format":"standard","meta":{"footnotes":""},"categories":[458,459,17988],"tags":[33590,19529,17036,24289,16591,22181],"class_list":["post-130511","post","type-post","status-publish","format-standard","has-post-thumbnail","","category-dunya1","category-haberler-arap-uluslararasi-politika","category-son-haberler","tag-bondarev","tag-hmeymim-ussu","tag-moskova","tag-rusya-federasyonu-konseyi","tag-suriye","tag-suriyeliler"],"_links":{"self":[{"href":"https:\/\/archive.sana.sy\/tr\/index.php?rest_route=\/wp\/v2\/posts\/130511","targetHints":{"allow":["GET"]}}],"collection":[{"href":"https:\/\/archive.sana.sy\/tr\/index.php?rest_route=\/wp\/v2\/posts"}],"about":[{"href":"https:\/\/archive.sana.sy\/tr\/index.php?rest_route=\/wp\/v2\/types\/post"}],"author":[{"embeddable":true,"href":"https:\/\/archive.sana.sy\/tr\/index.php?rest_route=\/wp\/v2\/users\/1"}],"replies":[{"embeddable":true,"href":"https:\/\/archive.sana.sy\/tr\/index.php?rest_route=%2Fwp%2Fv2%2Fcomments&post=130511"}],"version-history":[{"count":0,"href":"https:\/\/archive.sana.sy\/tr\/index.php?rest_route=\/wp\/v2\/posts\/130511\/revisions"}],"wp:featuredmedia":[{"embeddable":true,"href":"https:\/\/archive.sana.sy\/tr\/index.php?rest_route=\/wp\/v2\/media\/130512"}],"wp:attachment":[{"href":"https:\/\/archive.sana.sy\/tr\/index.php?rest_route=%2Fwp%2Fv2%2Fmedia&parent=130511"}],"wp:term":[{"taxonomy":"category","embeddable":true,"href":"https:\/\/archive.sana.sy\/tr\/index.php?rest_route=%2Fwp%2Fv2%2Fcategories&post=130511"},{"taxonomy":"post_tag","embeddable":true,"href":"https:\/\/archive.sana.sy\/tr\/index.php?rest_route=%2Fwp%2Fv2%2Ftags&post=130511"}],"curies":[{"name":"wp","href":"https:\/\/api.w.org\/{rel}","templated":true}]}}