{"id":130514,"date":"2017-11-29T13:56:25","date_gmt":"2017-11-29T11:56:25","guid":{"rendered":"http:\/\/www.sana.sy\/tr\/?p=130514"},"modified":"2017-11-30T09:36:59","modified_gmt":"2017-11-30T07:36:59","slug":"sam-borsasinda-bir-ilk","status":"publish","type":"post","link":"https:\/\/archive.sana.sy\/tr\/?p=130514","title":{"rendered":"\u015eam Borsas\u0131nda Bir \u0130lk"},"content":{"rendered":"<p>\u015eAM \u2013 \u015eam Menkul K\u0131ymetler Borsas\u0131 d\u00fcn oturumunu borsan\u0131n ilk a\u00e7\u0131l\u0131\u015f\u0131ndan g\u00fcn\u00fcm\u00fcze dek ilk say\u0131lan bir rakamla kapatt\u0131.<\/p>\n<p>Borsa tarihinde ilk say\u0131lan oturumda tedav\u00fcl hacmi 2 milyar 300 milyon liraya ula\u015ft\u0131.<\/p>\n<p>Borsada halkla ili\u015fkiler m\u00fcd\u00fcr\u00fc Usame Hasan; borsa hissesinin bir \u00f6nceki oturuma oranla 135,22 nokta y\u00fckseldi\u011fine dikkat \u00e7ekerken, Suriye ekonomisinin iyle\u015fmesine a\u00e7\u0131k bir kan\u0131t te\u015fkil etti\u011fini kaydetti.<\/p>\n","protected":false},"excerpt":{"rendered":"<p>\u015eAM \u2013 \u015eam Menkul K\u0131ymetler Borsas\u0131 d\u00fcn oturumunu borsan\u0131n ilk a\u00e7\u0131l\u0131\u015f\u0131ndan g\u00fcn\u00fcm\u00fcze dek ilk say\u0131lan bir rakamla kapatt\u0131. Borsa tarihinde ilk say\u0131lan oturumda tedav\u00fcl hacmi 2 milyar 300 milyon liraya ula\u015ft\u0131. Borsada halkla ili\u015fkiler m\u00fcd\u00fcr\u00fc Usame Hasan; borsa hissesinin bir \u00f6nceki oturuma oranla 135,22 nokta y\u00fckseldi\u011fine dikkat \u00e7ekerken, Suriye ekonomisinin iyle\u015fmesine a\u00e7\u0131k bir kan\u0131t te\u015fkil &hellip;<\/p>\n","protected":false},"author":1,"featured_media":130515,"comment_status":"closed","ping_status":"closed","sticky":false,"template":"","format":"standard","meta":{"footnotes":""},"categories":[485,486,17988],"tags":[33591,19152,2755,16591,22181,33592],"class_list":["post-130514","post","type-post","status-publish","format-standard","has-post-thumbnail","","category-is-ve-sermaye","category-haberler-is-ve-sermaye","category-son-haberler","tag-borsa","tag-menkul-kiymetler-borsasi","tag-sam","tag-suriye","tag-suriyeliler","tag-usame-hasan"],"_links":{"self":[{"href":"https:\/\/archive.sana.sy\/tr\/index.php?rest_route=\/wp\/v2\/posts\/130514","targetHints":{"allow":["GET"]}}],"collection":[{"href":"https:\/\/archive.sana.sy\/tr\/index.php?rest_route=\/wp\/v2\/posts"}],"about":[{"href":"https:\/\/archive.sana.sy\/tr\/index.php?rest_route=\/wp\/v2\/types\/post"}],"author":[{"embeddable":true,"href":"https:\/\/archive.sana.sy\/tr\/index.php?rest_route=\/wp\/v2\/users\/1"}],"replies":[{"embeddable":true,"href":"https:\/\/archive.sana.sy\/tr\/index.php?rest_route=%2Fwp%2Fv2%2Fcomments&post=130514"}],"version-history":[{"count":0,"href":"https:\/\/archive.sana.sy\/tr\/index.php?rest_route=\/wp\/v2\/posts\/130514\/revisions"}],"wp:featuredmedia":[{"embeddable":true,"href":"https:\/\/archive.sana.sy\/tr\/index.php?rest_route=\/wp\/v2\/media\/130515"}],"wp:attachment":[{"href":"https:\/\/archive.sana.sy\/tr\/index.php?rest_route=%2Fwp%2Fv2%2Fmedia&parent=130514"}],"wp:term":[{"taxonomy":"category","embeddable":true,"href":"https:\/\/archive.sana.sy\/tr\/index.php?rest_route=%2Fwp%2Fv2%2Fcategories&post=130514"},{"taxonomy":"post_tag","embeddable":true,"href":"https:\/\/archive.sana.sy\/tr\/index.php?rest_route=%2Fwp%2Fv2%2Ftags&post=130514"}],"curies":[{"name":"wp","href":"https:\/\/api.w.org\/{rel}","templated":true}]}}