{"id":13061,"date":"2014-10-16T11:00:33","date_gmt":"2014-10-16T08:00:33","guid":{"rendered":"http:\/\/www.sana.sy\/tr\/?p=13061"},"modified":"2014-10-17T18:53:30","modified_gmt":"2014-10-17T15:53:30","slug":"ayn-araptan-tehcir-edilen-ailelere-insani-yardim-konvoyu-gonderildi","status":"publish","type":"post","link":"https:\/\/archive.sana.sy\/tr\/?p=13061","title":{"rendered":"Ayn Arap\u2019tan Tehcir Edilen Ailelere \u0130nsani Yard\u0131m Konvoyu G\u00f6nderildi"},"content":{"rendered":"<p>HALEP \u2013 \u0130nsani Yard\u0131m Y\u00fcksek Komitesi bug\u00fcn Halep k\u0131rsal\u0131n\u0131n kuzeydo\u011fusuna d\u00fc\u015fen ve Erdo\u011fan rejiminin destekledi\u011fi I\u015e\u0130D ter\u00f6r\u00fcne maruz kalan Ayn el Arap ahalisine insani yard\u0131m konvoylar\u0131 g\u00f6nderdi.<\/p>\n<p>Sosyal i\u015fler Bakan\u0131 Kinda \u015eammat Ayn el Arap B\u00f6lgesinden Haseke Kentine tehcir olan bin ailenin yan\u0131 s\u0131ra Halep k\u0131rsal\u0131 Afrin B\u00f6lgesine tehcir olan bin aileye insani yard\u0131m ta\u015f\u0131yan iki konvoyun g\u00f6nderildi\u011fini belirtti.<\/p>\n<p>Bakan \u015eammat; Ayn Arap Kasabas\u0131n\u0131n yakla\u015f\u0131k bir ayd\u0131r I\u015e\u0130D ter\u00f6r\u00fcne maruz kalmas\u0131 nedeniyle insani bir facia ya\u015fad\u0131\u011f\u0131na dikkat \u00e7ekerken; kent i\u00e7inde s\u0131k\u0131\u015fan yakla\u015f\u0131k 700 sivil vatanda\u015f\u0131n yan\u0131 s\u0131ra T\u00fcrkiye s\u0131n\u0131rlar\u0131nda tak\u0131lan binlerce ailenin durumlar\u0131na vurgu yapt\u0131.<\/p>\n<p>\u015eammat ayn\u0131 zamanda s\u0131n\u0131rlar\u0131 a\u015fan ve k\u00f6t\u00fc muameleye maruz kalan ailelere dikkat \u00e7ekti.<\/p>\n","protected":false},"excerpt":{"rendered":"<p>HALEP \u2013 \u0130nsani Yard\u0131m Y\u00fcksek Komitesi bug\u00fcn Halep k\u0131rsal\u0131n\u0131n kuzeydo\u011fusuna d\u00fc\u015fen ve Erdo\u011fan rejiminin destekledi\u011fi I\u015e\u0130D ter\u00f6r\u00fcne maruz kalan Ayn el Arap ahalisine insani yard\u0131m konvoylar\u0131 g\u00f6nderdi. Sosyal i\u015fler Bakan\u0131 Kinda \u015eammat Ayn el Arap B\u00f6lgesinden Haseke Kentine tehcir olan bin ailenin yan\u0131 s\u0131ra Halep k\u0131rsal\u0131 Afrin B\u00f6lgesine tehcir olan bin aileye insani yard\u0131m ta\u015f\u0131yan &hellip;<\/p>\n","protected":false},"author":1,"featured_media":13079,"comment_status":"closed","ping_status":"closed","sticky":false,"template":"","format":"standard","meta":{"footnotes":""},"categories":[479,575,478],"tags":[3682],"class_list":["post-13061","post","type-post","status-publish","format-standard","has-post-thumbnail","","category-haberler-yerel","category-olaylar-ve-gercekler","category-yerel","tag-ayn-araptan-tehcir-edilen-ailelere-insani-yardim-konvoyu-gonderildi-halep-insani-yardim-yuksek-komitesi-bugun-halep-kirsalinin-kuzeydogusuna-dusen-ve-erdogan-rejiminin-destekledigi"],"_links":{"self":[{"href":"https:\/\/archive.sana.sy\/tr\/index.php?rest_route=\/wp\/v2\/posts\/13061","targetHints":{"allow":["GET"]}}],"collection":[{"href":"https:\/\/archive.sana.sy\/tr\/index.php?rest_route=\/wp\/v2\/posts"}],"about":[{"href":"https:\/\/archive.sana.sy\/tr\/index.php?rest_route=\/wp\/v2\/types\/post"}],"author":[{"embeddable":true,"href":"https:\/\/archive.sana.sy\/tr\/index.php?rest_route=\/wp\/v2\/users\/1"}],"replies":[{"embeddable":true,"href":"https:\/\/archive.sana.sy\/tr\/index.php?rest_route=%2Fwp%2Fv2%2Fcomments&post=13061"}],"version-history":[{"count":0,"href":"https:\/\/archive.sana.sy\/tr\/index.php?rest_route=\/wp\/v2\/posts\/13061\/revisions"}],"wp:featuredmedia":[{"embeddable":true,"href":"https:\/\/archive.sana.sy\/tr\/index.php?rest_route=\/wp\/v2\/media\/13079"}],"wp:attachment":[{"href":"https:\/\/archive.sana.sy\/tr\/index.php?rest_route=%2Fwp%2Fv2%2Fmedia&parent=13061"}],"wp:term":[{"taxonomy":"category","embeddable":true,"href":"https:\/\/archive.sana.sy\/tr\/index.php?rest_route=%2Fwp%2Fv2%2Fcategories&post=13061"},{"taxonomy":"post_tag","embeddable":true,"href":"https:\/\/archive.sana.sy\/tr\/index.php?rest_route=%2Fwp%2Fv2%2Ftags&post=13061"}],"curies":[{"name":"wp","href":"https:\/\/api.w.org\/{rel}","templated":true}]}}