{"id":13134,"date":"2014-10-18T11:19:18","date_gmt":"2014-10-18T08:19:18","guid":{"rendered":"http:\/\/www.sana.sy\/tr\/?p=13134"},"modified":"2014-10-18T14:34:15","modified_gmt":"2014-10-18T11:34:15","slug":"turk-rejimi-suriye-ve-iraki-vuran-teror-eylemlerinin-bolunmez-bir-parcasidir","status":"publish","type":"post","link":"https:\/\/archive.sana.sy\/tr\/?p=13134","title":{"rendered":"T\u00fcrk Rejimi Suriye ve Irak\u2019\u0131 Vuran Ter\u00f6r Eylemlerinin B\u00f6l\u00fcnmez Bir Par\u00e7as\u0131d\u0131r"},"content":{"rendered":"<p>BEYRUT \u2013 D\u0131\u015fi\u015fleri ve Gurbet\u00e7iler Bakan\u0131 Yard\u0131mc\u0131s\u0131 Faysal Mikdat, T\u00fcrk rejiminin eskiden oldu\u011fu gibi \u015fimdi de Suriye ve Irak\u2019\u0131 ge\u00e7en y\u0131llar boyunca vuran ter\u00f6r eylemlerinin bir par\u00e7as\u0131 oldu\u011fu \u00e7\u00f6z\u00fcm\u00fcn bir par\u00e7as\u0131 de\u011fil bilakis sorunun temel bir b\u00f6l\u00fcm\u00fc oldu\u011funu belirtti.<\/p>\n<p>L\u00fcbnanl\u0131 el Binaa gazetesinin bug\u00fcn yay\u0131nlad\u0131\u011f\u0131 makalesinde Mikdat, T\u00fcrkiye dostlar\u0131n\u0131n \u00f6zellikle de Amerikan y\u00f6netimi, g\u00fcvenlik kurumlar\u0131, Erdo\u011fan ve Davuto\u011flu\u2019nun Avrupa ve Araplardan dostlar\u0131n\u0131n, T\u00fcrkiye y\u00f6netiminin \u201cIrak ve \u015eam Devleti\u201d \u00f6rg\u00fct\u00fcyle \u201cKaide\u201dnin di\u011fer kollar\u0131n\u0131n da i\u00e7inde bulundu\u011fu ter\u00f6r\u00fc desteklemede parma\u011f\u0131n\u0131n oldu\u011fu deste\u011fi devam ettirmelerinin m\u00fcmk\u00fcn olmad\u0131\u011f\u0131 kanaatine vard\u0131klar\u0131n\u0131 s\u00f6yledi.<\/p>\n<p>Mikdat, T\u00fcrk diplomasisinin ge\u00e7en Per\u015fembe g\u00fcn\u00fc uluslararas\u0131 g\u00fcvenlik konseyi genel kurulunda daimi olmayan yeni \u00fcyelerin se\u00e7iminde hezimete u\u011framas\u0131yla olu\u015fan skandal ve hezimetin, d\u00fcnyan\u0131n Suriye ve Irak\u2019a y\u00f6nelik politikalar\u0131n\u0131, I\u015e\u0130D ter\u00f6r \u00f6rg\u00fct\u00fcyle koalisyon kurmas\u0131 Erdo\u011fan ve Davuto\u011flu h\u00fck\u00fcmetinin d\u00fcnya kamuoyunu yan\u0131ltmak i\u00e7in genel ili\u015fkiler politikas\u0131n\u0131n ba\u015far\u0131s\u0131zl\u0131\u011f\u0131n\u0131 reddettiklerinin a\u00e7\u0131k bir tabiri oldu\u011funu belirterek, bu hezimetin Erdo\u011fan ve Davuto\u011flu\u2019na politikalar\u0131n\u0131 yeniden g\u00f6zden ge\u00e7irmelerini ibretler ve dersler \u00e7\u0131karmay\u0131 gerektirdi\u011fini vurgulad\u0131.<\/p>\n<p>Mikdat, Suriye\u2019ye kar\u015f\u0131 sava\u015f\u0131n ba\u015flang\u0131c\u0131ndan beri Erdo\u011fan z\u00fcmresinin s\u00f6zde \u201c\u00f6zg\u00fcr ordu\u201d ile Erdo\u011fan, Netenyahu, Suudi rejimi ile K\u00f6rfez ve Avrupal\u0131 di\u011fer krall\u0131klar\u0131n di\u011fer \u00f6ld\u00fcrme ve ter\u00f6r tugaylar\u0131na ev sahipli\u011fi yapt\u0131klar\u0131n\u0131 ve kucaklad\u0131klar\u0131n\u0131 a\u00e7\u0131klayarak, T\u00fcrk rejimiyle \u201cI\u015e\u0130D\u201d ter\u00f6r \u00f6rg\u00fct\u00fc aras\u0131ndaki ili\u015fkinin art\u0131k gizli olmad\u0131\u011f\u0131na dikkat \u00e7ekti.<\/p>\n<p>Mikdat, Erdo\u011fan ve Davuto\u011flu\u2019nun M\u00fcsl\u00fcman Karde\u015flerin uluslararas\u0131 \u00f6rg\u00fct \u00e7er\u00e7evesinde liderlik ettikleri M\u00fcsl\u00fcman Karde\u015fler \u00f6rg\u00fctlerinin \u201ckomplolar ve ter\u00f6r\u201d kanal\u0131yla \u00fclkelerin rejimlerini de\u011fi\u015ftirmede izledikleri yolun son olarak de\u011fi\u015fikliklerin sa\u011flanmas\u0131nda ba\u015far\u0131s\u0131zl\u0131\u011fa u\u011frad\u0131\u011f\u0131n\u0131 bu y\u00fczden Erdo\u011fan\u2019\u0131n Suriye\u2019ye ve ba\u015far\u0131lar\u0131na, keza M\u0131s\u0131r\u2019da \u201cM\u00fcsl\u00fcman olmayan\u201d Karde\u015flerinin h\u00fclyalar\u0131n\u0131 bir daha geri d\u00f6nmemek \u00fczere par\u00e7alayan 30 Haziran Devrimine kar\u015f\u0131 a\u00e7\u0131k tutumlar\u0131yla uygulad\u0131\u011f\u0131 kin duygular\u0131n\u0131 tefsir etti\u011fine i\u015faret etti.<\/p>\n<p>Mikdat, ba\u015flar\u0131nda Erdo\u011fan olmak \u00fczere T\u00fcrk y\u00f6netiminin daha sonrada \u201cT\u00fcrkiye\u2019nin kom\u015fular\u0131yla s\u0131f\u0131r sorun politikalar\u0131\u201d teorisinin sahibi ba\u015fbakan\u0131 Davuto\u011flu\u2019nun g\u00fcvenli b\u00f6lgeler s\u00f6ylemiyle de\u011fi\u015ftirdi\u011fi ve ortaya att\u0131klar\u0131 tampon b\u00f6lgeler olu\u015fturulmas\u0131 yalan\u0131n\u0131n ad\u0131 ne olursa olsun uluslararas\u0131 kanuna a\u00e7\u0131k bir ihlal olu\u015fturdu\u011funu s\u00f6yleyerek, Suriye\u2019nin bu ve bunun gibi a\u00e7\u0131klamalar \u00e7ok net ve sorumlu bir \u015fekilde cevap verdi\u011fini a\u00e7\u0131klad\u0131.<\/p>\n<p>Mikdat, makalesinin sonunda Suriye halk\u0131n\u0131n temiz ve pak topraklar\u0131n\u0131n her kar\u0131\u015f topra\u011f\u0131n\u0131 savunaca\u011f\u0131n\u0131 bunun yan\u0131nda \u00f6zel olarak Ayn el Arap\u2019taki kahraman karde\u015flerine de deste\u011fini s\u00fcrd\u00fcrece\u011fini Erdo\u011fan\u2019a da tampon b\u00f6lge veya g\u00fcvenli veyahut da u\u00e7u\u015fa yasak b\u00f6lgeleri Suriye topraklar\u0131 \u00fczerinde ve semalar\u0131nda kurmas\u0131na izin vermeyece\u011fini vurgulayarak Suriye halk\u0131n\u0131n ordusunu, silahl\u0131 kuvvetlerini desteklemeye devam edece\u011fini zafere eri\u015finceye kadar da y\u00f6netimin arkas\u0131nda durmaya devam edece\u011fini ifade etti.<\/p>\n<p>Mikdat, Suriye halk\u0131n\u0131n se\u00e7eneklerini belirleme ve gelece\u011fini \u00fcretmede tek karar sahibi oldu\u011funa inand\u0131\u011f\u0131n\u0131, g\u00f6ky\u00fcz\u00fc alt\u0131nda ve yerk\u00fcre \u00fcst\u00fcnde onurlu bir \u015fekilde ya\u015famaktan ba\u015fka bir \u015feyi kabul etmeyece\u011fini vurgulad\u0131.<\/p>\n","protected":false},"excerpt":{"rendered":"<p>BEYRUT \u2013 D\u0131\u015fi\u015fleri ve Gurbet\u00e7iler Bakan\u0131 Yard\u0131mc\u0131s\u0131 Faysal Mikdat, T\u00fcrk rejiminin eskiden oldu\u011fu gibi \u015fimdi de Suriye ve Irak\u2019\u0131 ge\u00e7en y\u0131llar boyunca vuran ter\u00f6r eylemlerinin bir par\u00e7as\u0131 oldu\u011fu \u00e7\u00f6z\u00fcm\u00fcn bir par\u00e7as\u0131 de\u011fil bilakis sorunun temel bir b\u00f6l\u00fcm\u00fc oldu\u011funu belirtti. L\u00fcbnanl\u0131 el Binaa gazetesinin bug\u00fcn yay\u0131nlad\u0131\u011f\u0131 makalesinde Mikdat, T\u00fcrkiye dostlar\u0131n\u0131n \u00f6zellikle de Amerikan y\u00f6netimi, g\u00fcvenlik kurumlar\u0131, &hellip;<\/p>\n","protected":false},"author":1,"featured_media":13135,"comment_status":"closed","ping_status":"closed","sticky":false,"template":"","format":"standard","meta":{"footnotes":""},"categories":[458,459,447,2554,2555],"tags":[3750],"class_list":["post-13134","post","type-post","status-publish","format-standard","has-post-thumbnail","","category-dunya1","category-haberler-arap-uluslararasi-politika","category-politika","category-suriye-ve-dunya","category-suriye-ve-turkiye","tag-turk-rejimi-suriye-ve-iraki-vuran-teror-eylemlerinin-bolunmez-bir-parcasidir"],"_links":{"self":[{"href":"https:\/\/archive.sana.sy\/tr\/index.php?rest_route=\/wp\/v2\/posts\/13134","targetHints":{"allow":["GET"]}}],"collection":[{"href":"https:\/\/archive.sana.sy\/tr\/index.php?rest_route=\/wp\/v2\/posts"}],"about":[{"href":"https:\/\/archive.sana.sy\/tr\/index.php?rest_route=\/wp\/v2\/types\/post"}],"author":[{"embeddable":true,"href":"https:\/\/archive.sana.sy\/tr\/index.php?rest_route=\/wp\/v2\/users\/1"}],"replies":[{"embeddable":true,"href":"https:\/\/archive.sana.sy\/tr\/index.php?rest_route=%2Fwp%2Fv2%2Fcomments&post=13134"}],"version-history":[{"count":0,"href":"https:\/\/archive.sana.sy\/tr\/index.php?rest_route=\/wp\/v2\/posts\/13134\/revisions"}],"wp:featuredmedia":[{"embeddable":true,"href":"https:\/\/archive.sana.sy\/tr\/index.php?rest_route=\/wp\/v2\/media\/13135"}],"wp:attachment":[{"href":"https:\/\/archive.sana.sy\/tr\/index.php?rest_route=%2Fwp%2Fv2%2Fmedia&parent=13134"}],"wp:term":[{"taxonomy":"category","embeddable":true,"href":"https:\/\/archive.sana.sy\/tr\/index.php?rest_route=%2Fwp%2Fv2%2Fcategories&post=13134"},{"taxonomy":"post_tag","embeddable":true,"href":"https:\/\/archive.sana.sy\/tr\/index.php?rest_route=%2Fwp%2Fv2%2Ftags&post=13134"}],"curies":[{"name":"wp","href":"https:\/\/api.w.org\/{rel}","templated":true}]}}