{"id":13140,"date":"2014-10-19T08:23:02","date_gmt":"2014-10-19T05:23:02","guid":{"rendered":"http:\/\/www.sana.sy\/tr\/?p=13140"},"modified":"2014-10-19T13:19:26","modified_gmt":"2014-10-19T10:19:26","slug":"13140","status":"publish","type":"post","link":"https:\/\/archive.sana.sy\/tr\/?p=13140","title":{"rendered":"\u00c7ok Say\u0131da Ter\u00f6rist \u00d6ld\u00fcr\u00fcld\u00fc S\u0131zma Giri\u015fimleri \u00c7\u00f6kertildi"},"content":{"rendered":"<p>\u0130LLER \u2013 Ordu ve silahl\u0131 kuvvetlerimize tabi kahraman birliklerimizin ter\u00f6r \u00f6rg\u00fct ve \u00e7etelerine y\u00f6nelik operasyonlar\u0131n\u0131 ba\u015far\u0131yla s\u00fcrd\u00fcr\u00fcrken ter\u00f6ristlerin say\u0131 ve cephane bak\u0131m\u0131ndan b\u00fcy\u00fck kay\u0131plar\u0131 da devam ediyor.<\/p>\n<p><span style=\"color: #0000ff\">Homs K\u0131rsal\u0131nda Ter\u00f6ristlerin S\u0131zma Giri\u015fimleri \u00c7\u00f6kertildi <\/span><\/p>\n<p>Askeri kaynak, ordu birliklerimizin Homs k\u0131rsal\u0131 Mes\u2019ada, Um el Ri\u015f ve Mezyen el Bakar K\u00f6yleri y\u00f6n\u00fcnden Mesudiye ve Cum el Cirah K\u00f6ylerine y\u00f6nelik ter\u00f6ristlerin s\u0131zma giri\u015fimlerini \u00e7\u00f6kerttiklerini \u00e7ok say\u0131da ter\u00f6risti de \u00f6l\u00fc ve yaral\u0131 d\u00fc\u015f\u00fcrd\u00fcklerini s\u00f6yledi.<\/p>\n<p>Kaynak, ordu birliklerimizin Homs k\u0131rsal\u0131 el Vaar Semti 5. Ada yak\u0131nlar\u0131nda \u00e7ok say\u0131da ter\u00f6risti de \u00f6l\u00fc ve yaral\u0131 d\u00fc\u015f\u00fcrd\u00fcklerini belirtti.<\/p>\n<p>Kaynak, ordu birliklerimizin Homs Sultaniye K\u00f6y\u00fc, G\u00fcney M\u015feyrfe K\u00f6y\u00fc Ta\u015f oca\u011f\u0131nda ter\u00f6r\u015fstlerin toplanma merkezlerini hedef almalar\u0131 sonucunda \u00e7ok say\u0131da ter\u00f6risti \u00f6l\u00fc ve yaral\u0131 d\u00fc\u015f\u00fcrd\u00fcklerini s\u00f6yledi.<\/p>\n<p>Ordu birliklerimiz Homs iline tabi Resten Kentinin sanayi b\u00f6lgesi ve An\u0131t civar\u0131na ilaveten k\u0131rsala d\u00fc\u015fen Sultaniye ve M\u015fyerfa Tepesinde \u00e7ok say\u0131da ter\u00f6risti \u00f6l\u00fc ve yaral\u0131 d\u00fc\u015f\u00fcrd\u00fc.<\/p>\n<p><span style=\"color: #0000ff\">\u0130dlib K\u0131rsal\u0131nda Askeri Kontrol Noktalar\u0131na Sald\u0131r\u0131lar \u00c7\u00f6kertildi Yabanc\u0131 Uyruklu Ter\u00f6ristler \u00d6ld\u00fcr\u00fcld\u00fc<\/span><\/p>\n<p>Askeri kaynak, ordu birliklerimizin, \u0130dlib k\u0131rsal\u0131 Besenkul Beldesi \u00e7evresindeki askeri kontrol noktalar\u0131na ter\u00f6ristlerin sald\u0131r\u0131 giri\u015fimlerini \u00e7\u00f6kerterek \u00e7ok say\u0131da ter\u00f6risti \u00f6l\u00fc ve yaral\u0131 d\u00fc\u015f\u00fcrd\u00fcklerini belirtti.<\/p>\n<p>Kaynak, ordu birliklerimizin \u0130dlib k\u0131rsal\u0131 Serakib Beldesi \u00e7evresinde ter\u00f6ristlerin h\u00fccrelerini hedef almalar\u0131 sonucunda baz\u0131lar\u0131 yabanc\u0131 uyruklu \u00e7ok say\u0131da ter\u00f6risti \u00f6l\u00fc ve yaral\u0131 d\u00fc\u015f\u00fcrd\u00fcklerini ekledi.<\/p>\n<p>Kaynak, ordu birliklerimizin \u0130dlib K\u0131rsal\u0131 Han el Subul Beldesi \u00e7evresinde s\u00f6zde \u201cHazm\u201d adl\u0131 ter\u00f6r hareketine ait bir h\u00fccreyi hedef almalar\u0131 sonucunda i\u00e7inde bulunan ter\u00f6ristleri \u00f6l\u00fc ve yaral\u0131 d\u00fc\u015f\u00fcrerek ter\u00f6ristlere ait bir uydu ileti\u015fim cihaz\u0131n\u0131 da imha ettiklerini s\u00f6yledi.<\/p>\n<p>\u0130dlib k\u0131rsal\u0131n\u0131n Hallovz Beldesinin \u00e7evresi, Kefar Necd ve el Rami b\u00f6lgelerinde ise \u00e7ok say\u0131da ter\u00f6rist ordu birliklerimiz taraf\u0131ndan \u00f6l\u00fc ve yaral\u0131 d\u00fc\u015f\u00fcr\u00fcld\u00fc.<\/p>\n<p><span style=\"color: #0000ff\">Dera K\u0131rsal\u0131nda S\u0131zma Giri\u015fimleri \u00c7\u00f6kertildi<\/span><\/p>\n<p><span style=\"color: #000000\">\u00d6te yandan ordu birliklerimiz Dera k\u0131rsal\u0131nda Etman Beldesine ve Beldenin bat\u0131s\u0131nda kablo binas\u0131na ayr\u0131 ayr\u0131 girmeye \u00e7al\u0131\u015fan ter\u00f6ristlerle s\u0131cak temasa girip bir \u00e7o\u011funu ekipmanlar\u0131yla birlikte etkisizle\u015ftirdi.<\/span><\/p>\n<p><span style=\"color: #000000\">Ordu birliklerimiz yine Dera k\u0131rsal\u0131n\u0131n Etman Beldesinden Tafas Beldesi y\u00f6n\u00fcnde s\u0131zmaya \u00e7al\u0131\u015fan ter\u00f6ristlerin b\u00fcy\u00fck \u00e7o\u011funlu\u011funu \u00f6l\u00fc ve yaral\u0131 d\u00fc\u015f\u00fcrd\u00fc.<\/span><\/p>\n<p>Askeri bir kaynak SANA\u2019ya a\u00e7\u0131klamas\u0131nda ordu birliklerimizin Dera \u2013 Neva yolunda bir\u00e7ok arac\u0131 muhtevalar\u0131yla imha ettiklerini aktar\u0131rken; aralar\u0131nda \u2018Liva el Faruk\u2019 (Faruk T\u00fcmeni) eleba\u015f\u0131 Hassan Kaddah ve bir\u00e7ok eleba\u015f\u0131n\u0131n aralar\u0131nda bulundu\u011fu \u00e7ok say\u0131da ter\u00f6risti \u00f6ld\u00fcrd\u00fcklerini ekledi.<\/p>\n<p>Kaynak; ordu birliklerimizin Tel el Hara, Um el Meyazin\u2019in \u00e7evresi ve el T\u0131yba b\u00f6lgelerinde ter\u00f6ristlere ait havan toplar\u0131, z\u0131rhl\u0131 ara\u00e7 ve 2 u\u00e7aksavar\u0131 imha ederek \u00e7ok say\u0131da ter\u00f6risti \u00f6l\u00fc ve yaral\u0131 d\u00fc\u015f\u00fcrd\u00fcklerini ifade etti.<\/p>\n","protected":false},"excerpt":{"rendered":"<p>\u0130LLER \u2013 Ordu ve silahl\u0131 kuvvetlerimize tabi kahraman birliklerimizin ter\u00f6r \u00f6rg\u00fct ve \u00e7etelerine y\u00f6nelik operasyonlar\u0131n\u0131 ba\u015far\u0131yla s\u00fcrd\u00fcr\u00fcrken ter\u00f6ristlerin say\u0131 ve cephane bak\u0131m\u0131ndan b\u00fcy\u00fck kay\u0131plar\u0131 da devam ediyor. Homs K\u0131rsal\u0131nda Ter\u00f6ristlerin S\u0131zma Giri\u015fimleri \u00c7\u00f6kertildi Askeri kaynak, ordu birliklerimizin Homs k\u0131rsal\u0131 Mes\u2019ada, Um el Ri\u015f ve Mezyen el Bakar K\u00f6yleri y\u00f6n\u00fcnden Mesudiye ve Cum el Cirah K\u00f6ylerine &hellip;<\/p>\n","protected":false},"author":1,"featured_media":13141,"comment_status":"closed","ping_status":"closed","sticky":false,"template":"","format":"standard","meta":{"footnotes":""},"categories":[575],"tags":[2988,3752],"class_list":["post-13140","post","type-post","status-publish","format-standard","has-post-thumbnail","","category-olaylar-ve-gercekler","tag-cok-sayida-terorist-olduruldu","tag-sizma-girisimleri-cokertildi"],"_links":{"self":[{"href":"https:\/\/archive.sana.sy\/tr\/index.php?rest_route=\/wp\/v2\/posts\/13140","targetHints":{"allow":["GET"]}}],"collection":[{"href":"https:\/\/archive.sana.sy\/tr\/index.php?rest_route=\/wp\/v2\/posts"}],"about":[{"href":"https:\/\/archive.sana.sy\/tr\/index.php?rest_route=\/wp\/v2\/types\/post"}],"author":[{"embeddable":true,"href":"https:\/\/archive.sana.sy\/tr\/index.php?rest_route=\/wp\/v2\/users\/1"}],"replies":[{"embeddable":true,"href":"https:\/\/archive.sana.sy\/tr\/index.php?rest_route=%2Fwp%2Fv2%2Fcomments&post=13140"}],"version-history":[{"count":0,"href":"https:\/\/archive.sana.sy\/tr\/index.php?rest_route=\/wp\/v2\/posts\/13140\/revisions"}],"wp:featuredmedia":[{"embeddable":true,"href":"https:\/\/archive.sana.sy\/tr\/index.php?rest_route=\/wp\/v2\/media\/13141"}],"wp:attachment":[{"href":"https:\/\/archive.sana.sy\/tr\/index.php?rest_route=%2Fwp%2Fv2%2Fmedia&parent=13140"}],"wp:term":[{"taxonomy":"category","embeddable":true,"href":"https:\/\/archive.sana.sy\/tr\/index.php?rest_route=%2Fwp%2Fv2%2Fcategories&post=13140"},{"taxonomy":"post_tag","embeddable":true,"href":"https:\/\/archive.sana.sy\/tr\/index.php?rest_route=%2Fwp%2Fv2%2Ftags&post=13140"}],"curies":[{"name":"wp","href":"https:\/\/api.w.org\/{rel}","templated":true}]}}