{"id":13149,"date":"2014-10-18T14:32:34","date_gmt":"2014-10-18T11:32:34","guid":{"rendered":"http:\/\/www.sana.sy\/tr\/?p=13149"},"modified":"2014-10-18T14:32:34","modified_gmt":"2014-10-18T11:32:34","slug":"isid-kurucusu-turkiye-hapishanelerindeyken-teror-ceteleriyle-baglanti-icindeydi","status":"publish","type":"post","link":"https:\/\/archive.sana.sy\/tr\/?p=13149","title":{"rendered":"I\u015e\u0130D Kurucusu T\u00fcrkiye Hapishanelerindeyken Ter\u00f6r \u00c7eteleriyle Ba\u011flant\u0131 \u0130\u00e7indeydi"},"content":{"rendered":"<p>V\u0130YANA \u2013 Avusturyal\u0131 Chorier Gazetesi; M\u0131s\u0131r as\u0131ll\u0131 Avusturyal\u0131 Muhammed Mahmut\u2019un Suriye ve Irak\u2019ta I\u015e\u0130D ter\u00f6r \u00f6rg\u00fct\u00fcn\u00fcn kurucular\u0131ndan biri oldu\u011funu belirterek kin, nefret ve \u015fiddet radikalcilerin ba\u015f\u0131nda yer ald\u0131\u011f\u0131n\u0131 belirtti.<\/p>\n<p>Almanya&#8217;da anayasay\u0131 koruma m\u00fcste\u015farlar\u0131ndan birinin a\u00e7\u0131klamalar\u0131n\u0131 aktaran Gazete; \u2018Ebu Usame el Garip\u2019 kod adl\u0131 s\u00f6z konusu ter\u00f6ristin Avrupa\u2019da 20 tekfirciden olu\u015fan radikal bir grubu kat\u0131lmas\u0131 ard\u0131ndan Suriye ve Irak\u2019ta I\u015e\u0130D ter\u00f6r \u00f6rg\u00fct\u00fcn\u00fc te\u015fkil ettiklerine dikkat \u00e7ekti.<\/p>\n<p>Gazete ter\u00f6r eleba\u015f\u0131n\u0131n ayn\u0131 zamanda Kaide \u00d6rg\u00fct\u00fcn\u00fcn I\u015e\u0130D\u2019e kat\u0131lma \u00e7a\u011fr\u0131s\u0131nda da temel bir rol oynad\u0131\u011f\u0131n\u0131 ifade etti.<\/p>\n<p>\u00d6te yandan ter\u00f6r i\u015flerinde Alman uzman Guido Steinberg Avusturyal\u0131 de Presse Gazetesine a\u00e7\u0131klamas\u0131nda Suriye&#8217;deki ter\u00f6ristlerin Avusturyal\u0131 Muhammed Mahmut\u2019un da aralar\u0131nda bulundu\u011fu bir dizi tehlikeli ter\u00f6ristin T\u00fcrkiye&#8217;deki hapishanelerden serbest b\u0131rak\u0131lmalar\u0131 kar\u015f\u0131l\u0131\u011f\u0131nda ellerinde bulunan T\u00fcrk rehineleri serbest b\u0131rakt\u0131klar\u0131n\u0131 vurgulad\u0131.<\/p>\n<p>Alman uzman I\u015e\u0130D \u00d6rg\u00fct\u00fcn\u00fcn temel kurucular\u0131ndan biri say\u0131lan bu az\u0131l\u0131 liderin T\u00fcrkiye&#8217;de hapishanede bulundu\u011fu s\u0131rada d\u0131\u015far\u0131daki ter\u00f6r \u00e7eteleri ve eleba\u015flar\u0131yla internet \u00fczerinden s\u00fcrekli ileti\u015fim i\u00e7inde kald\u0131\u011f\u0131na dikkat \u00e7ekti.<\/p>\n<p>Ter\u00f6rist Mahmut\u2019un babas\u0131n\u0131n M\u0131s\u0131r ve Suriye&#8217;de yasaklanm\u0131\u015f M\u00fcsl\u00fcman Karde\u015fler Cemaatinin aktif bir \u00fcyesi oldu\u011funa da dikkat \u00e7eken Alman uzman, T\u00fcrk otoritelerin b\u00f6ylesi tehlikeli bir ter\u00f6r liderini serbest b\u0131rakmalar\u0131n\u0131 sorumsuz bir davran\u0131\u015f olarak nitelendirdi.<\/p>\n","protected":false},"excerpt":{"rendered":"<p>V\u0130YANA \u2013 Avusturyal\u0131 Chorier Gazetesi; M\u0131s\u0131r as\u0131ll\u0131 Avusturyal\u0131 Muhammed Mahmut\u2019un Suriye ve Irak\u2019ta I\u015e\u0130D ter\u00f6r \u00f6rg\u00fct\u00fcn\u00fcn kurucular\u0131ndan biri oldu\u011funu belirterek kin, nefret ve \u015fiddet radikalcilerin ba\u015f\u0131nda yer ald\u0131\u011f\u0131n\u0131 belirtti. Almanya&#8217;da anayasay\u0131 koruma m\u00fcste\u015farlar\u0131ndan birinin a\u00e7\u0131klamalar\u0131n\u0131 aktaran Gazete; \u2018Ebu Usame el Garip\u2019 kod adl\u0131 s\u00f6z konusu ter\u00f6ristin Avrupa\u2019da 20 tekfirciden olu\u015fan radikal bir grubu kat\u0131lmas\u0131 ard\u0131ndan &hellip;<\/p>\n","protected":false},"author":1,"featured_media":13150,"comment_status":"closed","ping_status":"closed","sticky":false,"template":"","format":"standard","meta":{"footnotes":""},"categories":[556,458,559,459,447,2554,2555],"tags":[3754,3755,3756],"class_list":["post-13149","post","type-post","status-publish","format-standard","has-post-thumbnail","","category-basin","category-dunya1","category-dunya-basini","category-haberler-arap-uluslararasi-politika","category-politika","category-suriye-ve-dunya","category-suriye-ve-turkiye","tag-isid-kurucusu-turkiye-hapishanelerindeyken-teror-ceteleriyle-baglanti-icindeydi-viyana-avusturyali-chorier-gazetesi-misir-asilli-avusturyali-muhammed-mahmutun-suriye-ve-irak","tag-nefret-ve-siddet-radikalcilerin-basinda-yer-aldigini-belirtti-almanyada-anayasayi-koruma-mustesarlarindan-birinin-aciklamalarini-aktaran-gazete-ebu-usame-el-garip-kod-adli-soz-kon","tag-turk-otoritelerin-boylesi-tehlikeli-bir-teror-liderini-serbest-birakmalarini-sorumsuz-bir-davranis-olarak-nitelendirdi"],"_links":{"self":[{"href":"https:\/\/archive.sana.sy\/tr\/index.php?rest_route=\/wp\/v2\/posts\/13149","targetHints":{"allow":["GET"]}}],"collection":[{"href":"https:\/\/archive.sana.sy\/tr\/index.php?rest_route=\/wp\/v2\/posts"}],"about":[{"href":"https:\/\/archive.sana.sy\/tr\/index.php?rest_route=\/wp\/v2\/types\/post"}],"author":[{"embeddable":true,"href":"https:\/\/archive.sana.sy\/tr\/index.php?rest_route=\/wp\/v2\/users\/1"}],"replies":[{"embeddable":true,"href":"https:\/\/archive.sana.sy\/tr\/index.php?rest_route=%2Fwp%2Fv2%2Fcomments&post=13149"}],"version-history":[{"count":0,"href":"https:\/\/archive.sana.sy\/tr\/index.php?rest_route=\/wp\/v2\/posts\/13149\/revisions"}],"wp:featuredmedia":[{"embeddable":true,"href":"https:\/\/archive.sana.sy\/tr\/index.php?rest_route=\/wp\/v2\/media\/13150"}],"wp:attachment":[{"href":"https:\/\/archive.sana.sy\/tr\/index.php?rest_route=%2Fwp%2Fv2%2Fmedia&parent=13149"}],"wp:term":[{"taxonomy":"category","embeddable":true,"href":"https:\/\/archive.sana.sy\/tr\/index.php?rest_route=%2Fwp%2Fv2%2Fcategories&post=13149"},{"taxonomy":"post_tag","embeddable":true,"href":"https:\/\/archive.sana.sy\/tr\/index.php?rest_route=%2Fwp%2Fv2%2Ftags&post=13149"}],"curies":[{"name":"wp","href":"https:\/\/api.w.org\/{rel}","templated":true}]}}