{"id":131516,"date":"2017-12-09T15:19:52","date_gmt":"2017-12-09T13:19:52","guid":{"rendered":"http:\/\/www.sana.sy\/tr\/?p=131516"},"modified":"2017-12-10T10:23:28","modified_gmt":"2017-12-10T08:23:28","slug":"yasemin-odul-yarisini-surduruyor","status":"publish","type":"post","link":"https:\/\/archive.sana.sy\/tr\/?p=131516","title":{"rendered":"Yasemin \u00d6d\u00fcl Yar\u0131\u015f\u0131n\u0131 S\u00fcrd\u00fcr\u00fcyor"},"content":{"rendered":"<p>\u015eAM \u2013 K\u0131sa metrajl\u0131 film dal\u0131nda Suriye yap\u0131m\u0131 \u201cYasemin\u201d filmi Uluslararas\u0131 \u0130nsan Haklar\u0131 temelinde yap\u0131lacak Erata Uluslararas\u0131 Film Festivalinde resmi bir \u015fekilde yar\u0131\u015fmaya kat\u0131lacak.<\/p>\n<p>Libya\u2019n\u0131n ba\u015fkenti Trablus Kentinde d\u00fczenlenen festivalde yar\u0131\u015facak k\u0131sa metrajl\u0131 \u201cYasemin\u201d filmi daha \u00f6nce uluslararas\u0131 alanda bir\u00e7ok \u00f6d\u00fcl alm\u0131\u015ft\u0131.<\/p>\n","protected":false},"excerpt":{"rendered":"<p>\u015eAM \u2013 K\u0131sa metrajl\u0131 film dal\u0131nda Suriye yap\u0131m\u0131 \u201cYasemin\u201d filmi Uluslararas\u0131 \u0130nsan Haklar\u0131 temelinde yap\u0131lacak Erata Uluslararas\u0131 Film Festivalinde resmi bir \u015fekilde yar\u0131\u015fmaya kat\u0131lacak. Libya\u2019n\u0131n ba\u015fkenti Trablus Kentinde d\u00fczenlenen festivalde yar\u0131\u015facak k\u0131sa metrajl\u0131 \u201cYasemin\u201d filmi daha \u00f6nce uluslararas\u0131 alanda bir\u00e7ok \u00f6d\u00fcl alm\u0131\u015ft\u0131.<\/p>\n","protected":false},"author":1,"featured_media":131517,"comment_status":"closed","ping_status":"closed","sticky":false,"template":"","format":"standard","meta":{"footnotes":""},"categories":[516,511,17988],"tags":[33755,33754,787,2755,16591,22181,33756,23246],"class_list":["post-131516","post","type-post","status-publish","format-standard","has-post-thumbnail","","category-haberler-kultur-ve-sanat","category-kultur-ve-sanat","category-son-haberler","tag-ereta","tag-kisa-metrajli-film","tag-libya","tag-sam","tag-suriye","tag-suriyeliler","tag-trablus-sehri","tag-yasemin-filmi"],"_links":{"self":[{"href":"https:\/\/archive.sana.sy\/tr\/index.php?rest_route=\/wp\/v2\/posts\/131516","targetHints":{"allow":["GET"]}}],"collection":[{"href":"https:\/\/archive.sana.sy\/tr\/index.php?rest_route=\/wp\/v2\/posts"}],"about":[{"href":"https:\/\/archive.sana.sy\/tr\/index.php?rest_route=\/wp\/v2\/types\/post"}],"author":[{"embeddable":true,"href":"https:\/\/archive.sana.sy\/tr\/index.php?rest_route=\/wp\/v2\/users\/1"}],"replies":[{"embeddable":true,"href":"https:\/\/archive.sana.sy\/tr\/index.php?rest_route=%2Fwp%2Fv2%2Fcomments&post=131516"}],"version-history":[{"count":0,"href":"https:\/\/archive.sana.sy\/tr\/index.php?rest_route=\/wp\/v2\/posts\/131516\/revisions"}],"wp:featuredmedia":[{"embeddable":true,"href":"https:\/\/archive.sana.sy\/tr\/index.php?rest_route=\/wp\/v2\/media\/131517"}],"wp:attachment":[{"href":"https:\/\/archive.sana.sy\/tr\/index.php?rest_route=%2Fwp%2Fv2%2Fmedia&parent=131516"}],"wp:term":[{"taxonomy":"category","embeddable":true,"href":"https:\/\/archive.sana.sy\/tr\/index.php?rest_route=%2Fwp%2Fv2%2Fcategories&post=131516"},{"taxonomy":"post_tag","embeddable":true,"href":"https:\/\/archive.sana.sy\/tr\/index.php?rest_route=%2Fwp%2Fv2%2Ftags&post=131516"}],"curies":[{"name":"wp","href":"https:\/\/api.w.org\/{rel}","templated":true}]}}