{"id":13155,"date":"2014-10-18T15:15:41","date_gmt":"2014-10-18T12:15:41","guid":{"rendered":"http:\/\/www.sana.sy\/tr\/?p=13155"},"modified":"2014-10-19T13:14:32","modified_gmt":"2014-10-19T10:14:32","slug":"golan-sonsuza-dek-suriye-topraklari-olarak-kalacaktir","status":"publish","type":"post","link":"https:\/\/archive.sana.sy\/tr\/?p=13155","title":{"rendered":"Golan Sonsuza Dek Suriye Topraklar\u0131 Olarak Kalacakt\u0131r"},"content":{"rendered":"<p>GOLAN \u2013 \u0130srail i\u015fgali alt\u0131ndaki Golan topraklar\u0131nda ya\u015fayan yurtta\u015flar\u0131m\u0131z; Golan topraklar\u0131n\u0131n her daim Suriyeli Arap topraklar\u0131 olarak kalaca\u011f\u0131n\u0131, halk\u0131n\u0131n da sonsuza dek Suriyeli olarak kalaca\u011f\u0131n\u0131n bir kez daha alt\u0131n\u0131 \u00e7izdi.<\/p>\n<p>Golanl\u0131 yurtta\u015flar\u0131m\u0131z bug\u00fcn Mecde\u015f\u015fems Beldesindeki Sultan Pa\u015fa el Atra\u015f Meydan\u0131nda d\u00fczenledikleri g\u00f6steride okuduklar\u0131 bas\u0131n bildirisinde; 1981 y\u0131l\u0131nda ikrar ettikleri belgenin kendileri a\u00e7\u0131s\u0131ndan i\u015fgale kar\u015f\u0131 m\u00fccadelede kutsal anayasa olarak kalaca\u011f\u0131n\u0131 s\u00f6yledi.<\/p>\n<p>Yurtta\u015flar\u0131m\u0131z i\u015fgal ve dayatmalar\u0131na kar\u015f\u0131 kararl\u0131l\u0131k ve azimle m\u00fccadele eden Golanl\u0131lar\u0131n toprak ve halk\u0131 hedef alan siyonist planlara kar\u015f\u0131 bu m\u00fccadelesini yine azim ve kararl\u0131l\u0131kla s\u00fcrd\u00fcrme \u0131srar\u0131nda olduklar\u0131n\u0131 vurgulad\u0131.<\/p>\n<p>\u0130srail Kiniset \u00fcyesi Elit \u015eakid\u2019in son olarak yapt\u0131\u011f\u0131 ve \u2018Golan halk\u0131n\u0131n \u00f6nde gelenlerinden birka\u00e7 \u015fahsiyetin kendisinden \u0130srail&#8217;in Golanl\u0131lara kimlik vermesini talep ettiklerini\u2019 iddia eden a\u00e7\u0131klamalar\u0131n\u0131n asl\u0131 ger\u00e7e\u011fi olmad\u0131\u011f\u0131na dikkat \u00e7eken yurtta\u015flar\u0131m\u0131z, bu haberlerin psikolojik sava\u015f niteli\u011fi ta\u015f\u0131yan spek\u00fclasyonlardan ba\u015fka bir \u015fey olmad\u0131\u011f\u0131n\u0131 ifade etti.<\/p>\n<div id='gallery-1' class='gallery galleryid-13155 gallery-columns-2 gallery-size-thumbnail'><figure class='gallery-item'>\n\t\t\t<div class='gallery-icon landscape'>\n\t\t\t\t<a href='https:\/\/archive.sana.sy\/tr\/wp-content\/uploads\/2014\/10\/Golan-21.jpg'><img loading=\"lazy\" decoding=\"async\" width=\"150\" height=\"112\" src=\"https:\/\/archive.sana.sy\/tr\/wp-content\/uploads\/2014\/10\/Golan-21-150x112.jpg\" class=\"attachment-thumbnail size-thumbnail\" alt=\"\" srcset=\"https:\/\/archive.sana.sy\/tr\/wp-content\/uploads\/2014\/10\/Golan-21-150x112.jpg 150w, https:\/\/archive.sana.sy\/tr\/wp-content\/uploads\/2014\/10\/Golan-21.jpg 270w\" sizes=\"auto, (max-width: 150px) 100vw, 150px\" \/><\/a>\n\t\t\t<\/div><\/figure><figure class='gallery-item'>\n\t\t\t<div class='gallery-icon landscape'>\n\t\t\t\t<a href='https:\/\/archive.sana.sy\/tr\/wp-content\/uploads\/2014\/10\/Golan-3.jpg'><img loading=\"lazy\" decoding=\"async\" width=\"150\" height=\"112\" src=\"https:\/\/archive.sana.sy\/tr\/wp-content\/uploads\/2014\/10\/Golan-3-150x112.jpg\" class=\"attachment-thumbnail size-thumbnail\" alt=\"\" srcset=\"https:\/\/archive.sana.sy\/tr\/wp-content\/uploads\/2014\/10\/Golan-3-150x112.jpg 150w, https:\/\/archive.sana.sy\/tr\/wp-content\/uploads\/2014\/10\/Golan-3-300x225.jpg 300w, https:\/\/archive.sana.sy\/tr\/wp-content\/uploads\/2014\/10\/Golan-3-1024x768.jpg 1024w\" sizes=\"auto, (max-width: 150px) 100vw, 150px\" \/><\/a>\n\t\t\t<\/div><\/figure><figure class='gallery-item'>\n\t\t\t<div class='gallery-icon landscape'>\n\t\t\t\t<a href='https:\/\/archive.sana.sy\/tr\/wp-content\/uploads\/2014\/10\/Golan-4.jpg'><img loading=\"lazy\" decoding=\"async\" width=\"150\" height=\"112\" src=\"https:\/\/archive.sana.sy\/tr\/wp-content\/uploads\/2014\/10\/Golan-4-150x112.jpg\" class=\"attachment-thumbnail size-thumbnail\" alt=\"\" srcset=\"https:\/\/archive.sana.sy\/tr\/wp-content\/uploads\/2014\/10\/Golan-4-150x112.jpg 150w, https:\/\/archive.sana.sy\/tr\/wp-content\/uploads\/2014\/10\/Golan-4-300x225.jpg 300w, https:\/\/archive.sana.sy\/tr\/wp-content\/uploads\/2014\/10\/Golan-4-1024x768.jpg 1024w\" sizes=\"auto, (max-width: 150px) 100vw, 150px\" \/><\/a>\n\t\t\t<\/div><\/figure><figure class='gallery-item'>\n\t\t\t<div class='gallery-icon landscape'>\n\t\t\t\t<a href='https:\/\/archive.sana.sy\/tr\/wp-content\/uploads\/2014\/10\/Golan-5.jpg'><img loading=\"lazy\" decoding=\"async\" width=\"150\" height=\"112\" src=\"https:\/\/archive.sana.sy\/tr\/wp-content\/uploads\/2014\/10\/Golan-5-150x112.jpg\" class=\"attachment-thumbnail size-thumbnail\" alt=\"\" srcset=\"https:\/\/archive.sana.sy\/tr\/wp-content\/uploads\/2014\/10\/Golan-5-150x112.jpg 150w, https:\/\/archive.sana.sy\/tr\/wp-content\/uploads\/2014\/10\/Golan-5-300x225.jpg 300w, https:\/\/archive.sana.sy\/tr\/wp-content\/uploads\/2014\/10\/Golan-5-1024x768.jpg 1024w\" sizes=\"auto, (max-width: 150px) 100vw, 150px\" \/><\/a>\n\t\t\t<\/div><\/figure>\n\t\t<\/div>\n\n","protected":false},"excerpt":{"rendered":"<p>GOLAN \u2013 \u0130srail i\u015fgali alt\u0131ndaki Golan topraklar\u0131nda ya\u015fayan yurtta\u015flar\u0131m\u0131z; Golan topraklar\u0131n\u0131n her daim Suriyeli Arap topraklar\u0131 olarak kalaca\u011f\u0131n\u0131, halk\u0131n\u0131n da sonsuza dek Suriyeli olarak kalaca\u011f\u0131n\u0131n bir kez daha alt\u0131n\u0131 \u00e7izdi. Golanl\u0131 yurtta\u015flar\u0131m\u0131z bug\u00fcn Mecde\u015f\u015fems Beldesindeki Sultan Pa\u015fa el Atra\u015f Meydan\u0131nda d\u00fczenledikleri g\u00f6steride okuduklar\u0131 bas\u0131n bildirisinde; 1981 y\u0131l\u0131nda ikrar ettikleri belgenin kendileri a\u00e7\u0131s\u0131ndan i\u015fgale kar\u015f\u0131 m\u00fccadelede &hellip;<\/p>\n","protected":false},"author":1,"featured_media":13157,"comment_status":"closed","ping_status":"closed","sticky":false,"template":"","format":"standard","meta":{"footnotes":""},"categories":[479,478],"tags":[3761,3759,3760],"class_list":["post-13155","post","type-post","status-publish","format-standard","has-post-thumbnail","","category-haberler-yerel","category-yerel","tag-bu-haberlerin-psikolojik-savas-niteligi-tasiyan-spekulasyonlardan-baska-bir-sey-olmadigini-ifade-etti","tag-golan-sonsuza-dek-suriye-topraklari-olarak-kalacaktir-golan-israil-isgali-altindaki-golan-topraklarinda-yasayan-yurttaslarimiz-golan-topraklarinin-her-daim-suriyeli-arap-topraklari-olarak-k","tag-halkinin-da-sonsuza-dek-suriyeli-olarak-kalacaginin-bir-kez-daha-altini-cizdi-golanli-yurttaslarimiz-bugun-mecdessems-beldesindeki-sultan-pasa-el-atras-meydaninda-duzenledikleri-gosteride-okuduklari"],"_links":{"self":[{"href":"https:\/\/archive.sana.sy\/tr\/index.php?rest_route=\/wp\/v2\/posts\/13155","targetHints":{"allow":["GET"]}}],"collection":[{"href":"https:\/\/archive.sana.sy\/tr\/index.php?rest_route=\/wp\/v2\/posts"}],"about":[{"href":"https:\/\/archive.sana.sy\/tr\/index.php?rest_route=\/wp\/v2\/types\/post"}],"author":[{"embeddable":true,"href":"https:\/\/archive.sana.sy\/tr\/index.php?rest_route=\/wp\/v2\/users\/1"}],"replies":[{"embeddable":true,"href":"https:\/\/archive.sana.sy\/tr\/index.php?rest_route=%2Fwp%2Fv2%2Fcomments&post=13155"}],"version-history":[{"count":0,"href":"https:\/\/archive.sana.sy\/tr\/index.php?rest_route=\/wp\/v2\/posts\/13155\/revisions"}],"wp:featuredmedia":[{"embeddable":true,"href":"https:\/\/archive.sana.sy\/tr\/index.php?rest_route=\/wp\/v2\/media\/13157"}],"wp:attachment":[{"href":"https:\/\/archive.sana.sy\/tr\/index.php?rest_route=%2Fwp%2Fv2%2Fmedia&parent=13155"}],"wp:term":[{"taxonomy":"category","embeddable":true,"href":"https:\/\/archive.sana.sy\/tr\/index.php?rest_route=%2Fwp%2Fv2%2Fcategories&post=13155"},{"taxonomy":"post_tag","embeddable":true,"href":"https:\/\/archive.sana.sy\/tr\/index.php?rest_route=%2Fwp%2Fv2%2Ftags&post=13155"}],"curies":[{"name":"wp","href":"https:\/\/api.w.org\/{rel}","templated":true}]}}