{"id":131623,"date":"2017-12-10T15:21:10","date_gmt":"2017-12-10T13:21:10","guid":{"rendered":"http:\/\/www.sana.sy\/tr\/?p=131623"},"modified":"2017-12-11T09:55:46","modified_gmt":"2017-12-11T07:55:46","slug":"suriye-heyeti-cenevreye-ulasti-7","status":"publish","type":"post","link":"https:\/\/archive.sana.sy\/tr\/?p=131623","title":{"rendered":"Suriye Heyeti Cenevre&#8217;ye Ula\u015ft\u0131"},"content":{"rendered":"<p>CENEVRE \u2013 Suriye&#8217;nin Birle\u015fmi\u015f Milletler Daimi Temsilcisi Be\u015f\u015far el Caferi ba\u015fkanl\u0131\u011f\u0131ndaki Suriye heyeti, Cenevre&#8217;de BM g\u00f6zetimi alt\u0131nda yap\u0131lan Suriyeliler aras\u0131 diyalog g\u00f6r\u00fc\u015fmelerinin 8. turunun ikinci yar\u0131s\u0131na kat\u0131lmak \u00fczere bug\u00fcn Cenevre\u2019ye ula\u015ft\u0131.<\/p>\n<p>D\u0131\u015fi\u015fleri ve Gurbet\u00e7iler Bakanl\u0131\u011f\u0131nda yetkili bir kaynak daha \u00f6nce yapt\u0131\u011f\u0131 a\u00e7\u0131klamada Caferi ba\u015fkanl\u0131\u011f\u0131ndaki Suriye heyetinin 10 Aral\u0131k Pazar g\u00fcn\u00fc Cenevre\u2019ye ula\u015faca\u011f\u0131n\u0131, 15 Aral\u0131k ak\u015fam\u0131 da Cenevre\u2019den ayr\u0131laca\u011f\u0131n\u0131 a\u00e7\u0131klam\u0131\u015ft\u0131.<\/p>\n<p>Cenevre 8 turunun ilk yar\u0131s\u0131 bu ay\u0131n ba\u015f\u0131nda sona ermi\u015f, toplant\u0131lar\u0131n\u0131n bitiminde Suriye heyeti ba\u015fkan\u0131 Caferi yapt\u0131\u011f\u0131 bas\u0131n a\u00e7\u0131klamalar\u0131nda bir k\u0131s\u0131m taraflar\u0131n \u00f6nko\u015fullar \u00f6ne s\u00fcrerek bu g\u00f6r\u00fc\u015fmeleri sabote etmeye \u00e7al\u0131\u015ft\u0131klar\u0131na dikkat \u00e7ekmi\u015fti. Caferi Riyad 2 bildirisinin g\u00f6r\u00fc\u015fmeleri engelleme ama\u00e7l\u0131 oldu\u011funu ifade ederken, bu bildirinin c\u00fcmleten ve ayr\u0131nt\u0131lar\u0131yla kesinlikle kabul edilemez oldu\u011funun alt\u0131n\u0131 \u00e7izmi\u015fti.<\/p>\n","protected":false},"excerpt":{"rendered":"<p>CENEVRE \u2013 Suriye&#8217;nin Birle\u015fmi\u015f Milletler Daimi Temsilcisi Be\u015f\u015far el Caferi ba\u015fkanl\u0131\u011f\u0131ndaki Suriye heyeti, Cenevre&#8217;de BM g\u00f6zetimi alt\u0131nda yap\u0131lan Suriyeliler aras\u0131 diyalog g\u00f6r\u00fc\u015fmelerinin 8. turunun ikinci yar\u0131s\u0131na kat\u0131lmak \u00fczere bug\u00fcn Cenevre\u2019ye ula\u015ft\u0131. D\u0131\u015fi\u015fleri ve Gurbet\u00e7iler Bakanl\u0131\u011f\u0131nda yetkili bir kaynak daha \u00f6nce yapt\u0131\u011f\u0131 a\u00e7\u0131klamada Caferi ba\u015fkanl\u0131\u011f\u0131ndaki Suriye heyetinin 10 Aral\u0131k Pazar g\u00fcn\u00fc Cenevre\u2019ye ula\u015faca\u011f\u0131n\u0131, 15 Aral\u0131k ak\u015fam\u0131 &hellip;<\/p>\n","protected":false},"author":1,"featured_media":131624,"comment_status":"closed","ping_status":"closed","sticky":false,"template":"","format":"standard","meta":{"footnotes":""},"categories":[458,459,17988],"tags":[18867,5735,18473,19828,27928],"class_list":["post-131623","post","type-post","status-publish","format-standard","has-post-thumbnail","","category-dunya1","category-haberler-arap-uluslararasi-politika","category-son-haberler","tag-bessar-el-caferi","tag-caferi","tag-cenevre-gorusmeleri","tag-suriye-heyeti","tag-suriyeliler-arasi-gorusmeler"],"_links":{"self":[{"href":"https:\/\/archive.sana.sy\/tr\/index.php?rest_route=\/wp\/v2\/posts\/131623","targetHints":{"allow":["GET"]}}],"collection":[{"href":"https:\/\/archive.sana.sy\/tr\/index.php?rest_route=\/wp\/v2\/posts"}],"about":[{"href":"https:\/\/archive.sana.sy\/tr\/index.php?rest_route=\/wp\/v2\/types\/post"}],"author":[{"embeddable":true,"href":"https:\/\/archive.sana.sy\/tr\/index.php?rest_route=\/wp\/v2\/users\/1"}],"replies":[{"embeddable":true,"href":"https:\/\/archive.sana.sy\/tr\/index.php?rest_route=%2Fwp%2Fv2%2Fcomments&post=131623"}],"version-history":[{"count":0,"href":"https:\/\/archive.sana.sy\/tr\/index.php?rest_route=\/wp\/v2\/posts\/131623\/revisions"}],"wp:featuredmedia":[{"embeddable":true,"href":"https:\/\/archive.sana.sy\/tr\/index.php?rest_route=\/wp\/v2\/media\/131624"}],"wp:attachment":[{"href":"https:\/\/archive.sana.sy\/tr\/index.php?rest_route=%2Fwp%2Fv2%2Fmedia&parent=131623"}],"wp:term":[{"taxonomy":"category","embeddable":true,"href":"https:\/\/archive.sana.sy\/tr\/index.php?rest_route=%2Fwp%2Fv2%2Fcategories&post=131623"},{"taxonomy":"post_tag","embeddable":true,"href":"https:\/\/archive.sana.sy\/tr\/index.php?rest_route=%2Fwp%2Fv2%2Ftags&post=131623"}],"curies":[{"name":"wp","href":"https:\/\/api.w.org\/{rel}","templated":true}]}}