{"id":131626,"date":"2017-12-10T16:01:49","date_gmt":"2017-12-10T14:01:49","guid":{"rendered":"http:\/\/www.sana.sy\/tr\/?p=131626"},"modified":"2017-12-11T12:13:51","modified_gmt":"2017-12-11T10:13:51","slug":"el-esad-2018-devlet-mali-butce-kanunu-onayladi","status":"publish","type":"post","link":"https:\/\/archive.sana.sy\/tr\/?p=131626","title":{"rendered":"El Esad 2018 Devlet Mali B\u00fct\u00e7e Kanunu Onaylad\u0131"},"content":{"rendered":"<p>\u015eAM \u2013 Cumhurba\u015fkan\u0131 Be\u015f\u015far el Esad bug\u00fcn 2018 y\u0131l\u0131n\u0131n genel b\u00fct\u00e7esini onaylayan 2017\/43 say\u0131l\u0131 kanunu imzalad\u0131.<\/p>\n<p>Kanun gere\u011fince 2018 y\u0131l\u0131 genel b\u00fct\u00e7esi toplam 3187 milyar lira olarak belirlendi.<\/p>\n<p>2018 devlet genel b\u00fct\u00e7e kanunu Halk Meclisinin 05-12-2017 tarihli oturumunda milletvekilleri taraf\u0131ndan tart\u0131\u015f\u0131l\u0131p oylama ile onaylanmas\u0131 ard\u0131ndan cumhurba\u015fkanl\u0131\u011f\u0131na sevk edilmi\u015fti.<\/p>\n","protected":false},"excerpt":{"rendered":"<p>\u015eAM \u2013 Cumhurba\u015fkan\u0131 Be\u015f\u015far el Esad bug\u00fcn 2018 y\u0131l\u0131n\u0131n genel b\u00fct\u00e7esini onaylayan 2017\/43 say\u0131l\u0131 kanunu imzalad\u0131. Kanun gere\u011fince 2018 y\u0131l\u0131 genel b\u00fct\u00e7esi toplam 3187 milyar lira olarak belirlendi. 2018 devlet genel b\u00fct\u00e7e kanunu Halk Meclisinin 05-12-2017 tarihli oturumunda milletvekilleri taraf\u0131ndan tart\u0131\u015f\u0131l\u0131p oylama ile onaylanmas\u0131 ard\u0131ndan cumhurba\u015fkanl\u0131\u011f\u0131na sevk edilmi\u015fti.<\/p>\n","protected":false},"author":1,"featured_media":131627,"comment_status":"closed","ping_status":"closed","sticky":false,"template":"","format":"standard","meta":{"footnotes":""},"categories":[485,486,605,612,599],"tags":[17256,19845,24418,18423,33701],"class_list":["post-131626","post","type-post","status-publish","format-standard","has-post-thumbnail","","category-is-ve-sermaye","category-haberler-is-ve-sermaye","category-sayin-cumhurbaskani","category-yasama-kararnameler","category-yasama-ve-kanunlar","tag-bessar-el-esad","tag-cumhurbaskanligi","tag-devlet-genel-butcesi","tag-kanunname","tag-mali-yili"],"_links":{"self":[{"href":"https:\/\/archive.sana.sy\/tr\/index.php?rest_route=\/wp\/v2\/posts\/131626","targetHints":{"allow":["GET"]}}],"collection":[{"href":"https:\/\/archive.sana.sy\/tr\/index.php?rest_route=\/wp\/v2\/posts"}],"about":[{"href":"https:\/\/archive.sana.sy\/tr\/index.php?rest_route=\/wp\/v2\/types\/post"}],"author":[{"embeddable":true,"href":"https:\/\/archive.sana.sy\/tr\/index.php?rest_route=\/wp\/v2\/users\/1"}],"replies":[{"embeddable":true,"href":"https:\/\/archive.sana.sy\/tr\/index.php?rest_route=%2Fwp%2Fv2%2Fcomments&post=131626"}],"version-history":[{"count":0,"href":"https:\/\/archive.sana.sy\/tr\/index.php?rest_route=\/wp\/v2\/posts\/131626\/revisions"}],"wp:featuredmedia":[{"embeddable":true,"href":"https:\/\/archive.sana.sy\/tr\/index.php?rest_route=\/wp\/v2\/media\/131627"}],"wp:attachment":[{"href":"https:\/\/archive.sana.sy\/tr\/index.php?rest_route=%2Fwp%2Fv2%2Fmedia&parent=131626"}],"wp:term":[{"taxonomy":"category","embeddable":true,"href":"https:\/\/archive.sana.sy\/tr\/index.php?rest_route=%2Fwp%2Fv2%2Fcategories&post=131626"},{"taxonomy":"post_tag","embeddable":true,"href":"https:\/\/archive.sana.sy\/tr\/index.php?rest_route=%2Fwp%2Fv2%2Ftags&post=131626"}],"curies":[{"name":"wp","href":"https:\/\/api.w.org\/{rel}","templated":true}]}}