{"id":13178,"date":"2014-10-18T10:00:06","date_gmt":"2014-10-18T07:00:06","guid":{"rendered":"http:\/\/www.sana.sy\/tr\/?p=13178"},"modified":"2014-10-18T16:15:56","modified_gmt":"2014-10-18T13:15:56","slug":"formalite-ve-komik-tiyatrodan-baska-bir-sey-degildir","status":"publish","type":"post","link":"https:\/\/archive.sana.sy\/tr\/?p=13178","title":{"rendered":"Formalite ve Komik Tiyatrodan Ba\u015fka Bir \u015eey De\u011fildir"},"content":{"rendered":"<p>TAHRAN \u2013 \u0130ran \u015eura Meclisinde Milli G\u00fcvenlik ve D\u0131\u015f Politika Komitesi Ba\u015fkan\u0131 Alauddin Brojerdi; ABD ve m\u00fcttefiklerinin Suriye ve Irak\u2019ta I\u015e\u0130D mevkilerini hedef almalar\u0131n\u0131n formalite ve komik bir tiyatrodan ba\u015fka bir \u015fey olmad\u0131\u011f\u0131n\u0131 belirtti.<\/p>\n<p>Brojerdi bug\u00fcn yapt\u0131\u011f\u0131 a\u00e7\u0131klamalarda ABD\u2019nin I\u015e\u0130D\u2019e m\u00fccadele i\u00e7in uluslar aras\u0131 koalisyon te\u015fkil etme icraatlar\u0131n\u0131n ku\u015fkulu oldu\u011funu ifade ederken, \u0130ran\u2019\u0131n bu koalisyonu ve onunla i\u015fbirli\u011fini reddetti\u011fini s\u00f6yledi.<\/p>\n<p>ABD ve m\u00fcttefiklerinin yakla\u015f\u0131k 4 y\u0131l s\u00fcre boyunca I\u015e\u0130D, Nusra Cephesi ve daha ba\u015fka ter\u00f6r \u00f6rg\u00fctlerin Suriye ve Irak\u2019ta masum sivilleri vah\u015fice ve toluca katletmelerine seyirdi kald\u0131klar\u0131na dikkat \u00e7eken Brojerdi; bu s\u00fcre\u00e7 i\u00e7inde masum insanlar ve insan haklar\u0131 i\u00e7in d\u00f6kt\u00fckleri timsah g\u00f6zya\u015flar\u0131 ile kimseyi kand\u0131rmalar\u0131n\u0131n m\u00fcmk\u00fcn olmad\u0131\u011f\u0131na i\u015faret etti.<\/p>\n","protected":false},"excerpt":{"rendered":"<p>TAHRAN \u2013 \u0130ran \u015eura Meclisinde Milli G\u00fcvenlik ve D\u0131\u015f Politika Komitesi Ba\u015fkan\u0131 Alauddin Brojerdi; ABD ve m\u00fcttefiklerinin Suriye ve Irak\u2019ta I\u015e\u0130D mevkilerini hedef almalar\u0131n\u0131n formalite ve komik bir tiyatrodan ba\u015fka bir \u015fey olmad\u0131\u011f\u0131n\u0131 belirtti. Brojerdi bug\u00fcn yapt\u0131\u011f\u0131 a\u00e7\u0131klamalarda ABD\u2019nin I\u015e\u0130D\u2019e m\u00fccadele i\u00e7in uluslar aras\u0131 koalisyon te\u015fkil etme icraatlar\u0131n\u0131n ku\u015fkulu oldu\u011funu ifade ederken, \u0130ran\u2019\u0131n bu koalisyonu &hellip;<\/p>\n","protected":false},"author":1,"featured_media":13179,"comment_status":"closed","ping_status":"closed","sticky":false,"template":"","format":"standard","meta":{"footnotes":""},"categories":[458,459,447],"tags":[3768,3769,3770],"class_list":["post-13178","post","type-post","status-publish","format-standard","has-post-thumbnail","","category-dunya1","category-haberler-arap-uluslararasi-politika","category-politika","tag-formalite-ve-komik-tiyatrodan-baska-bir-sey-degildir-tahran-iran-sura-meclisinde-milli-guvenlik-ve-dis-politika-komitesi-baskani-alauddin-brojerdi-abd-ve-muttefiklerinin-suriye-ve-irak","tag-iranin-bu-koalisyonu-ve-onunla-isbirligini-reddettigini-soyledi-abd-ve-muttefiklerinin-yaklasik-4-yil-sure-boyunca-isid","tag-nusra-cephesi-ve-daha-baska-teror-orgutlerin-suriye-ve-irakta-masum-sivilleri-vahsice-ve-toluca-katletmelerine-seyirdi-kaldiklarina-dikkat-ceken-brojerdi-bu-surec-icinde-masum-insanlar-ve-in"],"_links":{"self":[{"href":"https:\/\/archive.sana.sy\/tr\/index.php?rest_route=\/wp\/v2\/posts\/13178","targetHints":{"allow":["GET"]}}],"collection":[{"href":"https:\/\/archive.sana.sy\/tr\/index.php?rest_route=\/wp\/v2\/posts"}],"about":[{"href":"https:\/\/archive.sana.sy\/tr\/index.php?rest_route=\/wp\/v2\/types\/post"}],"author":[{"embeddable":true,"href":"https:\/\/archive.sana.sy\/tr\/index.php?rest_route=\/wp\/v2\/users\/1"}],"replies":[{"embeddable":true,"href":"https:\/\/archive.sana.sy\/tr\/index.php?rest_route=%2Fwp%2Fv2%2Fcomments&post=13178"}],"version-history":[{"count":0,"href":"https:\/\/archive.sana.sy\/tr\/index.php?rest_route=\/wp\/v2\/posts\/13178\/revisions"}],"wp:featuredmedia":[{"embeddable":true,"href":"https:\/\/archive.sana.sy\/tr\/index.php?rest_route=\/wp\/v2\/media\/13179"}],"wp:attachment":[{"href":"https:\/\/archive.sana.sy\/tr\/index.php?rest_route=%2Fwp%2Fv2%2Fmedia&parent=13178"}],"wp:term":[{"taxonomy":"category","embeddable":true,"href":"https:\/\/archive.sana.sy\/tr\/index.php?rest_route=%2Fwp%2Fv2%2Fcategories&post=13178"},{"taxonomy":"post_tag","embeddable":true,"href":"https:\/\/archive.sana.sy\/tr\/index.php?rest_route=%2Fwp%2Fv2%2Ftags&post=13178"}],"curies":[{"name":"wp","href":"https:\/\/api.w.org\/{rel}","templated":true}]}}