{"id":13181,"date":"2014-10-18T12:00:16","date_gmt":"2014-10-18T09:00:16","guid":{"rendered":"http:\/\/www.sana.sy\/tr\/?p=13181"},"modified":"2014-10-19T12:32:58","modified_gmt":"2014-10-19T09:32:58","slug":"dunya-cocuk-gunu-etkinlikleri-duzenleniyor","status":"publish","type":"post","link":"https:\/\/archive.sana.sy\/tr\/?p=13181","title":{"rendered":"D\u00fcnya \u00c7ocuk G\u00fcn\u00fc Etkinlikleri D\u00fczenleniyor"},"content":{"rendered":"<p>\u015eAM KIRSALI \u2013 12. Arap \u00c7ocuk G\u00fcn\u00fc Faaliyetleri bug\u00fcn \u015eam k\u0131rsal\u0131 Deyr At\u0131ye Kentindeki spor salonunda ba\u015flad\u0131.<\/p>\n<p>K\u00fclt\u00fcr Bakanl\u0131\u011f\u0131nda \u00c7ocuk K\u00fclt\u00fcr\u00fc M\u00fcd\u00fcrl\u00fc\u011f\u00fcn\u00fcn \u015eam \u00c7evre Kent Valili\u011fi ile i\u015fbirli\u011fi i\u00e7inde d\u00fczenledi\u011fi etkinliklere geni\u015f \u00e7apl\u0131 spor ve halk faaliyetleri kat\u0131ld\u0131.<\/p>\n<div id='gallery-1' class='gallery galleryid-13181 gallery-columns-3 gallery-size-thumbnail'><figure class='gallery-item'>\n\t\t\t<div class='gallery-icon landscape'>\n\t\t\t\t<a href='https:\/\/archive.sana.sy\/tr\/wp-content\/uploads\/2014\/10\/\u00e7ocuk-g\u00fcn\u00fc-2.jpg'><img loading=\"lazy\" decoding=\"async\" width=\"150\" height=\"112\" src=\"https:\/\/archive.sana.sy\/tr\/wp-content\/uploads\/2014\/10\/\u00e7ocuk-g\u00fcn\u00fc-2-150x112.jpg\" class=\"attachment-thumbnail size-thumbnail\" alt=\"\" srcset=\"https:\/\/archive.sana.sy\/tr\/wp-content\/uploads\/2014\/10\/\u00e7ocuk-g\u00fcn\u00fc-2-150x112.jpg 150w, https:\/\/archive.sana.sy\/tr\/wp-content\/uploads\/2014\/10\/\u00e7ocuk-g\u00fcn\u00fc-2-300x225.jpg 300w, https:\/\/archive.sana.sy\/tr\/wp-content\/uploads\/2014\/10\/\u00e7ocuk-g\u00fcn\u00fc-2-1024x768.jpg 1024w\" sizes=\"auto, (max-width: 150px) 100vw, 150px\" \/><\/a>\n\t\t\t<\/div><\/figure><figure class='gallery-item'>\n\t\t\t<div class='gallery-icon landscape'>\n\t\t\t\t<a href='https:\/\/archive.sana.sy\/tr\/wp-content\/uploads\/2014\/10\/\u00e7ocuk-g\u00fcn\u00fc-3.jpg'><img loading=\"lazy\" decoding=\"async\" width=\"150\" height=\"112\" src=\"https:\/\/archive.sana.sy\/tr\/wp-content\/uploads\/2014\/10\/\u00e7ocuk-g\u00fcn\u00fc-3-150x112.jpg\" class=\"attachment-thumbnail size-thumbnail\" alt=\"\" srcset=\"https:\/\/archive.sana.sy\/tr\/wp-content\/uploads\/2014\/10\/\u00e7ocuk-g\u00fcn\u00fc-3-150x112.jpg 150w, https:\/\/archive.sana.sy\/tr\/wp-content\/uploads\/2014\/10\/\u00e7ocuk-g\u00fcn\u00fc-3-300x224.jpg 300w, https:\/\/archive.sana.sy\/tr\/wp-content\/uploads\/2014\/10\/\u00e7ocuk-g\u00fcn\u00fc-3.jpg 448w\" sizes=\"auto, (max-width: 150px) 100vw, 150px\" \/><\/a>\n\t\t\t<\/div><\/figure><figure class='gallery-item'>\n\t\t\t<div class='gallery-icon landscape'>\n\t\t\t\t<a href='https:\/\/archive.sana.sy\/tr\/wp-content\/uploads\/2014\/10\/\u00e7ocuk-g\u00fcn\u00fc-4.jpg'><img loading=\"lazy\" decoding=\"async\" width=\"150\" height=\"112\" src=\"https:\/\/archive.sana.sy\/tr\/wp-content\/uploads\/2014\/10\/\u00e7ocuk-g\u00fcn\u00fc-4-150x112.jpg\" class=\"attachment-thumbnail size-thumbnail\" alt=\"\" srcset=\"https:\/\/archive.sana.sy\/tr\/wp-content\/uploads\/2014\/10\/\u00e7ocuk-g\u00fcn\u00fc-4-150x112.jpg 150w, https:\/\/archive.sana.sy\/tr\/wp-content\/uploads\/2014\/10\/\u00e7ocuk-g\u00fcn\u00fc-4-300x225.jpg 300w, https:\/\/archive.sana.sy\/tr\/wp-content\/uploads\/2014\/10\/\u00e7ocuk-g\u00fcn\u00fc-4.jpg 381w\" sizes=\"auto, (max-width: 150px) 100vw, 150px\" \/><\/a>\n\t\t\t<\/div><\/figure><figure class='gallery-item'>\n\t\t\t<div class='gallery-icon landscape'>\n\t\t\t\t<a href='https:\/\/archive.sana.sy\/tr\/wp-content\/uploads\/2014\/10\/\u00e7ocuk-g\u00fcn\u00fc-5.jpg'><img loading=\"lazy\" decoding=\"async\" width=\"150\" height=\"112\" src=\"https:\/\/archive.sana.sy\/tr\/wp-content\/uploads\/2014\/10\/\u00e7ocuk-g\u00fcn\u00fc-5-150x112.jpg\" class=\"attachment-thumbnail size-thumbnail\" alt=\"\" srcset=\"https:\/\/archive.sana.sy\/tr\/wp-content\/uploads\/2014\/10\/\u00e7ocuk-g\u00fcn\u00fc-5-150x112.jpg 150w, https:\/\/archive.sana.sy\/tr\/wp-content\/uploads\/2014\/10\/\u00e7ocuk-g\u00fcn\u00fc-5-300x224.jpg 300w, https:\/\/archive.sana.sy\/tr\/wp-content\/uploads\/2014\/10\/\u00e7ocuk-g\u00fcn\u00fc-5.jpg 448w\" sizes=\"auto, (max-width: 150px) 100vw, 150px\" \/><\/a>\n\t\t\t<\/div><\/figure><figure class='gallery-item'>\n\t\t\t<div class='gallery-icon landscape'>\n\t\t\t\t<a href='https:\/\/archive.sana.sy\/tr\/wp-content\/uploads\/2014\/10\/\u00e7ocuk-g\u00fcn\u00fc-6.jpg'><img loading=\"lazy\" decoding=\"async\" width=\"150\" height=\"112\" src=\"https:\/\/archive.sana.sy\/tr\/wp-content\/uploads\/2014\/10\/\u00e7ocuk-g\u00fcn\u00fc-6-150x112.jpg\" class=\"attachment-thumbnail size-thumbnail\" alt=\"\" srcset=\"https:\/\/archive.sana.sy\/tr\/wp-content\/uploads\/2014\/10\/\u00e7ocuk-g\u00fcn\u00fc-6-150x112.jpg 150w, https:\/\/archive.sana.sy\/tr\/wp-content\/uploads\/2014\/10\/\u00e7ocuk-g\u00fcn\u00fc-6-300x224.jpg 300w, https:\/\/archive.sana.sy\/tr\/wp-content\/uploads\/2014\/10\/\u00e7ocuk-g\u00fcn\u00fc-6.jpg 448w\" sizes=\"auto, (max-width: 150px) 100vw, 150px\" \/><\/a>\n\t\t\t<\/div><\/figure><figure class='gallery-item'>\n\t\t\t<div class='gallery-icon landscape'>\n\t\t\t\t<a href='https:\/\/archive.sana.sy\/tr\/wp-content\/uploads\/2014\/10\/\u00e7ocuk-g\u00fcn\u00fc-7.jpg'><img loading=\"lazy\" decoding=\"async\" width=\"150\" height=\"112\" src=\"https:\/\/archive.sana.sy\/tr\/wp-content\/uploads\/2014\/10\/\u00e7ocuk-g\u00fcn\u00fc-7-150x112.jpg\" class=\"attachment-thumbnail size-thumbnail\" alt=\"\" srcset=\"https:\/\/archive.sana.sy\/tr\/wp-content\/uploads\/2014\/10\/\u00e7ocuk-g\u00fcn\u00fc-7-150x112.jpg 150w, https:\/\/archive.sana.sy\/tr\/wp-content\/uploads\/2014\/10\/\u00e7ocuk-g\u00fcn\u00fc-7-300x224.jpg 300w, https:\/\/archive.sana.sy\/tr\/wp-content\/uploads\/2014\/10\/\u00e7ocuk-g\u00fcn\u00fc-7-1024x767.jpg 1024w\" sizes=\"auto, (max-width: 150px) 100vw, 150px\" \/><\/a>\n\t\t\t<\/div><\/figure>\n\t\t<\/div>\n\n","protected":false},"excerpt":{"rendered":"<p>\u015eAM KIRSALI \u2013 12. Arap \u00c7ocuk G\u00fcn\u00fc Faaliyetleri bug\u00fcn \u015eam k\u0131rsal\u0131 Deyr At\u0131ye Kentindeki spor salonunda ba\u015flad\u0131. K\u00fclt\u00fcr Bakanl\u0131\u011f\u0131nda \u00c7ocuk K\u00fclt\u00fcr\u00fc M\u00fcd\u00fcrl\u00fc\u011f\u00fcn\u00fcn \u015eam \u00c7evre Kent Valili\u011fi ile i\u015fbirli\u011fi i\u00e7inde d\u00fczenledi\u011fi etkinliklere geni\u015f \u00e7apl\u0131 spor ve halk faaliyetleri kat\u0131ld\u0131.<\/p>\n","protected":false},"author":1,"featured_media":13183,"comment_status":"closed","ping_status":"closed","sticky":false,"template":"","format":"standard","meta":{"footnotes":""},"categories":[596,516,479,511,478],"tags":[3771],"class_list":["post-13181","post","type-post","status-publish","format-standard","has-post-thumbnail","","category-fotografli-raporlar","category-haberler-kultur-ve-sanat","category-haberler-yerel","category-kultur-ve-sanat","category-yerel","tag-dunya-cocuk-gunu-etkinlikleri-duzenleniyor-sam-kirsali-12-arap-cocuk-gunu-faaliyetleri-bugun-sam-kirsali-deyr-atiye-kentindeki-spor-salonunda-basladi-kultur-bakanliginda-cocuk-kulturu-mudu"],"_links":{"self":[{"href":"https:\/\/archive.sana.sy\/tr\/index.php?rest_route=\/wp\/v2\/posts\/13181","targetHints":{"allow":["GET"]}}],"collection":[{"href":"https:\/\/archive.sana.sy\/tr\/index.php?rest_route=\/wp\/v2\/posts"}],"about":[{"href":"https:\/\/archive.sana.sy\/tr\/index.php?rest_route=\/wp\/v2\/types\/post"}],"author":[{"embeddable":true,"href":"https:\/\/archive.sana.sy\/tr\/index.php?rest_route=\/wp\/v2\/users\/1"}],"replies":[{"embeddable":true,"href":"https:\/\/archive.sana.sy\/tr\/index.php?rest_route=%2Fwp%2Fv2%2Fcomments&post=13181"}],"version-history":[{"count":0,"href":"https:\/\/archive.sana.sy\/tr\/index.php?rest_route=\/wp\/v2\/posts\/13181\/revisions"}],"wp:featuredmedia":[{"embeddable":true,"href":"https:\/\/archive.sana.sy\/tr\/index.php?rest_route=\/wp\/v2\/media\/13183"}],"wp:attachment":[{"href":"https:\/\/archive.sana.sy\/tr\/index.php?rest_route=%2Fwp%2Fv2%2Fmedia&parent=13181"}],"wp:term":[{"taxonomy":"category","embeddable":true,"href":"https:\/\/archive.sana.sy\/tr\/index.php?rest_route=%2Fwp%2Fv2%2Fcategories&post=13181"},{"taxonomy":"post_tag","embeddable":true,"href":"https:\/\/archive.sana.sy\/tr\/index.php?rest_route=%2Fwp%2Fv2%2Ftags&post=13181"}],"curies":[{"name":"wp","href":"https:\/\/api.w.org\/{rel}","templated":true}]}}