{"id":131905,"date":"2017-12-12T13:30:56","date_gmt":"2017-12-12T11:30:56","guid":{"rendered":"https:\/\/www.sana.sy\/tr\/?p=131905"},"modified":"2017-12-14T12:13:59","modified_gmt":"2017-12-14T10:13:59","slug":"kadina-karsi-siddette-gorsel-bir-mesaj-sundular","status":"publish","type":"post","link":"https:\/\/archive.sana.sy\/tr\/?p=131905","title":{"rendered":"Kad\u0131na Kar\u015f\u0131 \u015eiddette G\u00f6rsel Bir Mesaj Sundular (video)"},"content":{"rendered":"<p>\u015eAM \u2013 Neda Kalk\u0131nma Cemiyetinin kad\u0131na kar\u015f\u0131 \u015fiddetle m\u00fccadele ama\u00e7l\u0131 16 g\u00fcn s\u00fcren kampanyas\u0131 plastik sanat sergisiyle tamamland\u0131.<\/p>\n<p>Geneli Cemiyete tabi olan plastik sanat ressamlar\u0131 d\u00fczenledikleri sergide kad\u0131na kar\u015f\u0131 \u015fiddet t\u00fcrlerini 171 sanat eseriyle yans\u0131tt\u0131. Profesyonel ve amat\u00f6r ressamlar muhtelif tekniklerle haz\u0131rlad\u0131klar\u0131 levhalarda harmoni yetenekleri ile kad\u0131na kar\u015f\u0131 \u015fiddetle m\u00fccadelede g\u00f6rsel bir mesaj takdim ettiler.<\/p>\n<div id='gallery-1' class='gallery galleryid-131905 gallery-columns-3 gallery-size-thumbnail'><figure class='gallery-item'>\n\t\t\t<div class='gallery-icon landscape'>\n\t\t\t\t<a href='https:\/\/archive.sana.sy\/tr\/wp-content\/uploads\/2017\/12\/sergi-2.jpg'><img loading=\"lazy\" decoding=\"async\" width=\"150\" height=\"84\" src=\"https:\/\/archive.sana.sy\/tr\/wp-content\/uploads\/2017\/12\/sergi-2-150x84.jpg\" class=\"attachment-thumbnail size-thumbnail\" alt=\"\" srcset=\"https:\/\/archive.sana.sy\/tr\/wp-content\/uploads\/2017\/12\/sergi-2-150x84.jpg 150w, https:\/\/archive.sana.sy\/tr\/wp-content\/uploads\/2017\/12\/sergi-2-300x168.jpg 300w, https:\/\/archive.sana.sy\/tr\/wp-content\/uploads\/2017\/12\/sergi-2.jpg 660w\" sizes=\"auto, (max-width: 150px) 100vw, 150px\" \/><\/a>\n\t\t\t<\/div><\/figure><figure class='gallery-item'>\n\t\t\t<div class='gallery-icon portrait'>\n\t\t\t\t<a href='https:\/\/archive.sana.sy\/tr\/wp-content\/uploads\/2017\/12\/sergi-3.jpg'><img loading=\"lazy\" decoding=\"async\" width=\"105\" height=\"150\" src=\"https:\/\/archive.sana.sy\/tr\/wp-content\/uploads\/2017\/12\/sergi-3-105x150.jpg\" class=\"attachment-thumbnail size-thumbnail\" alt=\"\" srcset=\"https:\/\/archive.sana.sy\/tr\/wp-content\/uploads\/2017\/12\/sergi-3-105x150.jpg 105w, https:\/\/archive.sana.sy\/tr\/wp-content\/uploads\/2017\/12\/sergi-3-209x300.jpg 209w, https:\/\/archive.sana.sy\/tr\/wp-content\/uploads\/2017\/12\/sergi-3.jpg 350w\" sizes=\"auto, (max-width: 105px) 100vw, 105px\" \/><\/a>\n\t\t\t<\/div><\/figure><figure class='gallery-item'>\n\t\t\t<div class='gallery-icon landscape'>\n\t\t\t\t<a href='https:\/\/archive.sana.sy\/tr\/wp-content\/uploads\/2017\/12\/sergi-4.jpg'><img loading=\"lazy\" decoding=\"async\" width=\"150\" height=\"75\" src=\"https:\/\/archive.sana.sy\/tr\/wp-content\/uploads\/2017\/12\/sergi-4-150x75.jpg\" class=\"attachment-thumbnail size-thumbnail\" alt=\"\" srcset=\"https:\/\/archive.sana.sy\/tr\/wp-content\/uploads\/2017\/12\/sergi-4-150x75.jpg 150w, https:\/\/archive.sana.sy\/tr\/wp-content\/uploads\/2017\/12\/sergi-4-300x150.jpg 300w, https:\/\/archive.sana.sy\/tr\/wp-content\/uploads\/2017\/12\/sergi-4.jpg 660w\" sizes=\"auto, (max-width: 150px) 100vw, 150px\" \/><\/a>\n\t\t\t<\/div><\/figure>\n\t\t<\/div>\n\n<p>https:\/\/www.youtube.com\/watch?v=Uy1JA-D7T48<\/p>\n","protected":false},"excerpt":{"rendered":"<p>\u015eAM \u2013 Neda Kalk\u0131nma Cemiyetinin kad\u0131na kar\u015f\u0131 \u015fiddetle m\u00fccadele ama\u00e7l\u0131 16 g\u00fcn s\u00fcren kampanyas\u0131 plastik sanat sergisiyle tamamland\u0131. Geneli Cemiyete tabi olan plastik sanat ressamlar\u0131 d\u00fczenledikleri sergide kad\u0131na kar\u015f\u0131 \u015fiddet t\u00fcrlerini 171 sanat eseriyle yans\u0131tt\u0131. Profesyonel ve amat\u00f6r ressamlar muhtelif tekniklerle haz\u0131rlad\u0131klar\u0131 levhalarda harmoni yetenekleri ile kad\u0131na kar\u015f\u0131 \u015fiddetle m\u00fccadelede g\u00f6rsel bir mesaj takdim ettiler. &hellip;<\/p>\n","protected":false},"author":1,"featured_media":131910,"comment_status":"closed","ping_status":"closed","sticky":false,"template":"","format":"standard","meta":{"footnotes":""},"categories":[526,479,541,17988,525,538,478],"tags":[],"class_list":["post-131905","post","type-post","status-publish","format-standard","has-post-thumbnail","","category-haber-ve-raporlar","category-haberler-yerel","category-haberler","category-son-haberler","category-toplum","category-yasam","category-yerel"],"_links":{"self":[{"href":"https:\/\/archive.sana.sy\/tr\/index.php?rest_route=\/wp\/v2\/posts\/131905","targetHints":{"allow":["GET"]}}],"collection":[{"href":"https:\/\/archive.sana.sy\/tr\/index.php?rest_route=\/wp\/v2\/posts"}],"about":[{"href":"https:\/\/archive.sana.sy\/tr\/index.php?rest_route=\/wp\/v2\/types\/post"}],"author":[{"embeddable":true,"href":"https:\/\/archive.sana.sy\/tr\/index.php?rest_route=\/wp\/v2\/users\/1"}],"replies":[{"embeddable":true,"href":"https:\/\/archive.sana.sy\/tr\/index.php?rest_route=%2Fwp%2Fv2%2Fcomments&post=131905"}],"version-history":[{"count":0,"href":"https:\/\/archive.sana.sy\/tr\/index.php?rest_route=\/wp\/v2\/posts\/131905\/revisions"}],"wp:featuredmedia":[{"embeddable":true,"href":"https:\/\/archive.sana.sy\/tr\/index.php?rest_route=\/wp\/v2\/media\/131910"}],"wp:attachment":[{"href":"https:\/\/archive.sana.sy\/tr\/index.php?rest_route=%2Fwp%2Fv2%2Fmedia&parent=131905"}],"wp:term":[{"taxonomy":"category","embeddable":true,"href":"https:\/\/archive.sana.sy\/tr\/index.php?rest_route=%2Fwp%2Fv2%2Fcategories&post=131905"},{"taxonomy":"post_tag","embeddable":true,"href":"https:\/\/archive.sana.sy\/tr\/index.php?rest_route=%2Fwp%2Fv2%2Ftags&post=131905"}],"curies":[{"name":"wp","href":"https:\/\/api.w.org\/{rel}","templated":true}]}}