{"id":13191,"date":"2014-10-18T16:42:36","date_gmt":"2014-10-18T13:42:36","guid":{"rendered":"http:\/\/www.sana.sy\/tr\/?p=13191"},"modified":"2014-10-18T16:42:36","modified_gmt":"2014-10-18T13:42:36","slug":"vali-asiret-reisleri-ve-halkin-onde-gelen-sahsiyetlerle-gorustu","status":"publish","type":"post","link":"https:\/\/archive.sana.sy\/tr\/?p=13191","title":{"rendered":"Vali A\u015firet Reisleri ve Halk\u0131n \u00d6nde gelen \u015eahsiyetlerle G\u00f6r\u00fc\u015ft\u00fc"},"content":{"rendered":"<p>KUNAYTRA \u2013 Kunaytra Valisi Main Selahattin bug\u00fcn ilin muhtelif b\u00f6lgelerinden halk\u0131n \u00f6nde gelen \u015fahsiyetleri, din adamlar\u0131 ve a\u015firet reisleri ile bir araya geldi.<\/p>\n<p><a href=\"http:\/\/www.sana.sy\/tr\/wp-content\/uploads\/2014\/10\/Kunaytra-1.jpg\"><img loading=\"lazy\" decoding=\"async\" class=\"alignright wp-image-13193 size-medium\" src=\"http:\/\/www.sana.sy\/tr\/wp-content\/uploads\/2014\/10\/Kunaytra-1-300x199.jpg\" alt=\"Kunaytra 1\" width=\"300\" height=\"199\" srcset=\"https:\/\/archive.sana.sy\/tr\/wp-content\/uploads\/2014\/10\/Kunaytra-1-300x199.jpg 300w, https:\/\/archive.sana.sy\/tr\/wp-content\/uploads\/2014\/10\/Kunaytra-1-150x99.jpg 150w, https:\/\/archive.sana.sy\/tr\/wp-content\/uploads\/2014\/10\/Kunaytra-1-1024x679.jpg 1024w\" sizes=\"auto, (max-width: 300px) 100vw, 300px\" \/><\/a>G\u00f6r\u00fc\u015fmede ulusal uzla\u015fma ve diyalog k\u00fclt\u00fcr\u00fcn\u00fcn yayg\u0131nla\u015ft\u0131r\u0131lmas\u0131 \u00f6nemini belirten Vali Selahattin; Suriye ve halk\u0131n\u0131n maruz kald\u0131\u011f\u0131 evrensel komplo ve \u00e7okuluslu ter\u00f6r \u00e7etelere kar\u015f\u0131 m\u00fccadelede halk\u0131n saflar\u0131n\u0131 birle\u015ftirmesi \u00f6neminin alt\u0131n\u0131 \u00e7izdi.<\/p>\n<p>Vali Selahattin Suriye&#8217;yi vatan ve halk olarak hedef alan sava\u015f\u0131n insan, k\u00fclt\u00fcr, medeniyet, ekonomi ve her \u015feyi sabote etme ama\u00e7l\u0131 bir sava\u015f oldu\u011funa dikkat \u00e7ekerek, din \u00e7at\u0131s\u0131 alt\u0131nda vah\u015fet i\u015fleyen ter\u00f6r \u00e7etelerin din yada insanl\u0131kla bir ili\u015fkileri olmad\u0131\u011f\u0131n\u0131 s\u00f6yledi.<\/p>\n<p>Ulusal uzla\u015fma \u00e7abalar\u0131n\u0131n daha geni\u015f sonu\u00e7lar vermesi i\u00e7in olanak ve yollar\u0131n ele al\u0131nd\u0131\u011f\u0131 g\u00f6r\u00fc\u015fmede ayr\u0131ca vatan u\u011fruna canlar\u0131n\u0131 feda eden \u015fehitlerin aileleri de onurland\u0131r\u0131ld\u0131.<\/p>\n<p>&nbsp;<\/p>\n<p>&nbsp;<\/p>\n","protected":false},"excerpt":{"rendered":"<p>KUNAYTRA \u2013 Kunaytra Valisi Main Selahattin bug\u00fcn ilin muhtelif b\u00f6lgelerinden halk\u0131n \u00f6nde gelen \u015fahsiyetleri, din adamlar\u0131 ve a\u015firet reisleri ile bir araya geldi. G\u00f6r\u00fc\u015fmede ulusal uzla\u015fma ve diyalog k\u00fclt\u00fcr\u00fcn\u00fcn yayg\u0131nla\u015ft\u0131r\u0131lmas\u0131 \u00f6nemini belirten Vali Selahattin; Suriye ve halk\u0131n\u0131n maruz kald\u0131\u011f\u0131 evrensel komplo ve \u00e7okuluslu ter\u00f6r \u00e7etelere kar\u015f\u0131 m\u00fccadelede halk\u0131n saflar\u0131n\u0131 birle\u015ftirmesi \u00f6neminin alt\u0131n\u0131 \u00e7izdi. Vali Selahattin &hellip;<\/p>\n","protected":false},"author":1,"featured_media":13192,"comment_status":"closed","ping_status":"closed","sticky":false,"template":"","format":"standard","meta":{"footnotes":""},"categories":[479,478],"tags":[3773,3776,3775,3774,3401,3772],"class_list":["post-13191","post","type-post","status-publish","format-standard","has-post-thumbnail","","category-haberler-yerel","category-yerel","tag-din-adamlari-ve-asiret-reisleri-ile-bir-araya-geldi-gorusmede-ulusal-uzlasma-ve-diyalog-kulturunun-yayginlastirilmasi-onemini-belirten-vali-selahattin-suriye-ve-halkinin-maruz-kaldigi-evrensel-kompl","tag-din-catisi-altinda-vahset-isleyen-teror-cetelerin-din-yada-insanlikla-bir-iliskileri-olmadigini-soyledi-ulusal-uzlasma-cabalarinin-daha-genis-sonuclar-vermesi-icin-olanak-ve-yollarin-ele-alindigi-gor","tag-ekonomi-ve-her-seyi-sabote-etme-amacli-bir-savas-olduguna-dikkat-cekerek","tag-kultur","tag-medeniyet","tag-vali-asiret-reisleri-ve-halkin-onde-gelen-sahsiyetlerle-gorustu-kunaytra-kunaytra-valisi-main-selahattin-bugun-ilin-muhtelif-bolgelerinden-halkin-onde-gelen-sahsiyetleri"],"_links":{"self":[{"href":"https:\/\/archive.sana.sy\/tr\/index.php?rest_route=\/wp\/v2\/posts\/13191","targetHints":{"allow":["GET"]}}],"collection":[{"href":"https:\/\/archive.sana.sy\/tr\/index.php?rest_route=\/wp\/v2\/posts"}],"about":[{"href":"https:\/\/archive.sana.sy\/tr\/index.php?rest_route=\/wp\/v2\/types\/post"}],"author":[{"embeddable":true,"href":"https:\/\/archive.sana.sy\/tr\/index.php?rest_route=\/wp\/v2\/users\/1"}],"replies":[{"embeddable":true,"href":"https:\/\/archive.sana.sy\/tr\/index.php?rest_route=%2Fwp%2Fv2%2Fcomments&post=13191"}],"version-history":[{"count":0,"href":"https:\/\/archive.sana.sy\/tr\/index.php?rest_route=\/wp\/v2\/posts\/13191\/revisions"}],"wp:featuredmedia":[{"embeddable":true,"href":"https:\/\/archive.sana.sy\/tr\/index.php?rest_route=\/wp\/v2\/media\/13192"}],"wp:attachment":[{"href":"https:\/\/archive.sana.sy\/tr\/index.php?rest_route=%2Fwp%2Fv2%2Fmedia&parent=13191"}],"wp:term":[{"taxonomy":"category","embeddable":true,"href":"https:\/\/archive.sana.sy\/tr\/index.php?rest_route=%2Fwp%2Fv2%2Fcategories&post=13191"},{"taxonomy":"post_tag","embeddable":true,"href":"https:\/\/archive.sana.sy\/tr\/index.php?rest_route=%2Fwp%2Fv2%2Ftags&post=13191"}],"curies":[{"name":"wp","href":"https:\/\/api.w.org\/{rel}","templated":true}]}}