{"id":131919,"date":"2017-12-13T13:30:51","date_gmt":"2017-12-13T11:30:51","guid":{"rendered":"https:\/\/www.sana.sy\/tr\/?p=131919"},"modified":"2017-12-14T10:50:53","modified_gmt":"2017-12-14T08:50:53","slug":"yeni-araclar-piyasaya-suruldu","status":"publish","type":"post","link":"https:\/\/archive.sana.sy\/tr\/?p=131919","title":{"rendered":"Yeni Ara\u00e7lar Piyasaya S\u00fcr\u00fcld\u00fc (video)"},"content":{"rendered":"<p>\u015eAM \u2013 Suruh el \u0130mar Grubuna ba\u011fl\u0131 Emar Motors \u015eirketi Homs k\u0131rsal\u0131nda bulunan Hasye Organize Sanayi B\u00f6lgesindeki fabrikalar\u0131nda montaj\u0131n\u0131 yapt\u0131\u011f\u0131 KIA Model yeni ara\u00e7lar\u0131n\u0131 piyasaya s\u00fcrd\u00fc\u011f\u00fcn\u00fc ilan etti.<\/p>\n<p><img loading=\"lazy\" decoding=\"async\" class=\"alignright wp-image-131924 size-medium\" src=\"https:\/\/www.sana.sy\/tr\/wp-content\/uploads\/2017\/12\/2-45-300x150.jpg\" alt=\"\" width=\"300\" height=\"150\" srcset=\"https:\/\/archive.sana.sy\/tr\/wp-content\/uploads\/2017\/12\/2-45-300x150.jpg 300w, https:\/\/archive.sana.sy\/tr\/wp-content\/uploads\/2017\/12\/2-45-150x75.jpg 150w, https:\/\/archive.sana.sy\/tr\/wp-content\/uploads\/2017\/12\/2-45.jpg 660w\" sizes=\"auto, (max-width: 300px) 100vw, 300px\" \/>Bu m\u00fcnasebetle d\u00fcn \u015eam\u2019\u0131n Dama Rose Otelinde d\u00fczenlenen kutlama etkinli\u011finde konu\u015fan Sanayi Bakan\u0131 Ahmet Hammo bu s\u00fcre\u00e7 i\u00e7inde hayata ge\u00e7irilen bu ve daha ba\u015fka sanayi projelerinin \u00f6nemine dikkat \u00e7ekti. Bakan Hammo bu gibi projelerin ulusal kalk\u0131nma ve \u00fcretimin geli\u015ftirilmelerine ciddi katk\u0131lar\u0131 olaca\u011f\u0131n\u0131 ifade etti.<\/p>\n<p>Suruh Emar Grubunun y\u00f6netim kurulu ba\u015fkan\u0131 Samir Fevzi ise bu projenin direk ve dolayl\u0131 olarak yarataca\u011f\u0131 i\u015f f\u0131rsatlar\u0131n\u0131n \u00f6nemine i\u015faret etti.<\/p>\n<p>KIA \u015eirketinin Suriye Sorumlusu Vail \u015ekeyr, tamamen Suriyeli uzmanlar ve i\u015f\u00e7ilerin monte ettikleri ara\u00e7lar\u0131n uluslar aras\u0131 standartlarda oldu\u011funa dikkat \u00e7ekerken, y\u0131lda 30 bin arac\u0131n \u00fcretilmesi planland\u0131\u011f\u0131n\u0131 a\u00e7\u0131klad\u0131.<\/p>\n<p>\u015ekeyr \u015fu an \u00fcretilen KIA modellerinin Picanto, Cerato ve Sorento modellerinin yan\u0131 s\u0131ra K 4000 ve K 2700 model kamyonlar olduklar\u0131na dikkat \u00e7ekti.<\/p>\n<div id='gallery-1' class='gallery galleryid-131919 gallery-columns-5 gallery-size-thumbnail'><figure class='gallery-item'>\n\t\t\t<div class='gallery-icon landscape'>\n\t\t\t\t<a href='https:\/\/archive.sana.sy\/tr\/wp-content\/uploads\/2017\/12\/3-31.jpg'><img loading=\"lazy\" decoding=\"async\" width=\"150\" height=\"100\" src=\"https:\/\/archive.sana.sy\/tr\/wp-content\/uploads\/2017\/12\/3-31-150x100.jpg\" class=\"attachment-thumbnail size-thumbnail\" alt=\"\" srcset=\"https:\/\/archive.sana.sy\/tr\/wp-content\/uploads\/2017\/12\/3-31-150x100.jpg 150w, https:\/\/archive.sana.sy\/tr\/wp-content\/uploads\/2017\/12\/3-31-300x200.jpg 300w, https:\/\/archive.sana.sy\/tr\/wp-content\/uploads\/2017\/12\/3-31-310x205.jpg 310w, https:\/\/archive.sana.sy\/tr\/wp-content\/uploads\/2017\/12\/3-31.jpg 660w\" sizes=\"auto, (max-width: 150px) 100vw, 150px\" \/><\/a>\n\t\t\t<\/div><\/figure><figure class='gallery-item'>\n\t\t\t<div class='gallery-icon landscape'>\n\t\t\t\t<a href='https:\/\/archive.sana.sy\/tr\/wp-content\/uploads\/2017\/12\/4-12.jpg'><img loading=\"lazy\" decoding=\"async\" width=\"150\" height=\"100\" src=\"https:\/\/archive.sana.sy\/tr\/wp-content\/uploads\/2017\/12\/4-12-150x100.jpg\" class=\"attachment-thumbnail size-thumbnail\" alt=\"\" srcset=\"https:\/\/archive.sana.sy\/tr\/wp-content\/uploads\/2017\/12\/4-12-150x100.jpg 150w, https:\/\/archive.sana.sy\/tr\/wp-content\/uploads\/2017\/12\/4-12-300x200.jpg 300w, https:\/\/archive.sana.sy\/tr\/wp-content\/uploads\/2017\/12\/4-12-310x205.jpg 310w, https:\/\/archive.sana.sy\/tr\/wp-content\/uploads\/2017\/12\/4-12.jpg 660w\" sizes=\"auto, (max-width: 150px) 100vw, 150px\" \/><\/a>\n\t\t\t<\/div><\/figure><figure class='gallery-item'>\n\t\t\t<div class='gallery-icon landscape'>\n\t\t\t\t<a href='https:\/\/archive.sana.sy\/tr\/wp-content\/uploads\/2017\/12\/5-6.jpg'><img loading=\"lazy\" decoding=\"async\" width=\"150\" height=\"100\" src=\"https:\/\/archive.sana.sy\/tr\/wp-content\/uploads\/2017\/12\/5-6-150x100.jpg\" class=\"attachment-thumbnail size-thumbnail\" alt=\"\" srcset=\"https:\/\/archive.sana.sy\/tr\/wp-content\/uploads\/2017\/12\/5-6-150x100.jpg 150w, https:\/\/archive.sana.sy\/tr\/wp-content\/uploads\/2017\/12\/5-6-300x200.jpg 300w, https:\/\/archive.sana.sy\/tr\/wp-content\/uploads\/2017\/12\/5-6-310x205.jpg 310w, https:\/\/archive.sana.sy\/tr\/wp-content\/uploads\/2017\/12\/5-6.jpg 660w\" sizes=\"auto, (max-width: 150px) 100vw, 150px\" \/><\/a>\n\t\t\t<\/div><\/figure><figure class='gallery-item'>\n\t\t\t<div class='gallery-icon landscape'>\n\t\t\t\t<a href='https:\/\/archive.sana.sy\/tr\/wp-content\/uploads\/2017\/12\/6-3.jpg'><img loading=\"lazy\" decoding=\"async\" width=\"150\" height=\"100\" src=\"https:\/\/archive.sana.sy\/tr\/wp-content\/uploads\/2017\/12\/6-3-150x100.jpg\" class=\"attachment-thumbnail size-thumbnail\" alt=\"\" srcset=\"https:\/\/archive.sana.sy\/tr\/wp-content\/uploads\/2017\/12\/6-3-150x100.jpg 150w, https:\/\/archive.sana.sy\/tr\/wp-content\/uploads\/2017\/12\/6-3-300x200.jpg 300w, https:\/\/archive.sana.sy\/tr\/wp-content\/uploads\/2017\/12\/6-3-310x205.jpg 310w, https:\/\/archive.sana.sy\/tr\/wp-content\/uploads\/2017\/12\/6-3.jpg 660w\" sizes=\"auto, (max-width: 150px) 100vw, 150px\" \/><\/a>\n\t\t\t<\/div><\/figure><figure class='gallery-item'>\n\t\t\t<div class='gallery-icon landscape'>\n\t\t\t\t<a href='https:\/\/archive.sana.sy\/tr\/wp-content\/uploads\/2017\/12\/7-2.jpg'><img loading=\"lazy\" decoding=\"async\" width=\"150\" height=\"100\" src=\"https:\/\/archive.sana.sy\/tr\/wp-content\/uploads\/2017\/12\/7-2-150x100.jpg\" class=\"attachment-thumbnail size-thumbnail\" alt=\"\" srcset=\"https:\/\/archive.sana.sy\/tr\/wp-content\/uploads\/2017\/12\/7-2-150x100.jpg 150w, https:\/\/archive.sana.sy\/tr\/wp-content\/uploads\/2017\/12\/7-2-300x200.jpg 300w, https:\/\/archive.sana.sy\/tr\/wp-content\/uploads\/2017\/12\/7-2-310x205.jpg 310w, https:\/\/archive.sana.sy\/tr\/wp-content\/uploads\/2017\/12\/7-2.jpg 660w\" sizes=\"auto, (max-width: 150px) 100vw, 150px\" \/><\/a>\n\t\t\t<\/div><\/figure>\n\t\t<\/div>\n\n<p>https:\/\/www.youtube.com\/watch?v=6Ycx9hrcS4Q<\/p>\n","protected":false},"excerpt":{"rendered":"<p>\u015eAM \u2013 Suruh el \u0130mar Grubuna ba\u011fl\u0131 Emar Motors \u015eirketi Homs k\u0131rsal\u0131nda bulunan Hasye Organize Sanayi B\u00f6lgesindeki fabrikalar\u0131nda montaj\u0131n\u0131 yapt\u0131\u011f\u0131 KIA Model yeni ara\u00e7lar\u0131n\u0131 piyasaya s\u00fcrd\u00fc\u011f\u00fcn\u00fc ilan etti. Bu m\u00fcnasebetle d\u00fcn \u015eam\u2019\u0131n Dama Rose Otelinde d\u00fczenlenen kutlama etkinli\u011finde konu\u015fan Sanayi Bakan\u0131 Ahmet Hammo bu s\u00fcre\u00e7 i\u00e7inde hayata ge\u00e7irilen bu ve daha ba\u015fka sanayi projelerinin \u00f6nemine &hellip;<\/p>\n","protected":false},"author":1,"featured_media":131921,"comment_status":"closed","ping_status":"closed","sticky":false,"template":"","format":"standard","meta":{"footnotes":""},"categories":[485,596,486,479,17988,478],"tags":[27661,27660,33810,33809,33808,16591,19195,22181],"class_list":["post-131919","post","type-post","status-publish","format-standard","has-post-thumbnail","","category-is-ve-sermaye","category-fotografli-raporlar","category-haberler-is-ve-sermaye","category-haberler-yerel","category-son-haberler","category-yerel","tag-agir-sanayi","tag-araba-uretimi","tag-emar-motors","tag-kiz-motors","tag-otomobil-sanayisi","tag-suriye","tag-suriye-sanayisi","tag-suriyeliler"],"_links":{"self":[{"href":"https:\/\/archive.sana.sy\/tr\/index.php?rest_route=\/wp\/v2\/posts\/131919","targetHints":{"allow":["GET"]}}],"collection":[{"href":"https:\/\/archive.sana.sy\/tr\/index.php?rest_route=\/wp\/v2\/posts"}],"about":[{"href":"https:\/\/archive.sana.sy\/tr\/index.php?rest_route=\/wp\/v2\/types\/post"}],"author":[{"embeddable":true,"href":"https:\/\/archive.sana.sy\/tr\/index.php?rest_route=\/wp\/v2\/users\/1"}],"replies":[{"embeddable":true,"href":"https:\/\/archive.sana.sy\/tr\/index.php?rest_route=%2Fwp%2Fv2%2Fcomments&post=131919"}],"version-history":[{"count":0,"href":"https:\/\/archive.sana.sy\/tr\/index.php?rest_route=\/wp\/v2\/posts\/131919\/revisions"}],"wp:featuredmedia":[{"embeddable":true,"href":"https:\/\/archive.sana.sy\/tr\/index.php?rest_route=\/wp\/v2\/media\/131921"}],"wp:attachment":[{"href":"https:\/\/archive.sana.sy\/tr\/index.php?rest_route=%2Fwp%2Fv2%2Fmedia&parent=131919"}],"wp:term":[{"taxonomy":"category","embeddable":true,"href":"https:\/\/archive.sana.sy\/tr\/index.php?rest_route=%2Fwp%2Fv2%2Fcategories&post=131919"},{"taxonomy":"post_tag","embeddable":true,"href":"https:\/\/archive.sana.sy\/tr\/index.php?rest_route=%2Fwp%2Fv2%2Ftags&post=131919"}],"curies":[{"name":"wp","href":"https:\/\/api.w.org\/{rel}","templated":true}]}}