{"id":131946,"date":"2017-12-13T12:10:38","date_gmt":"2017-12-13T10:10:38","guid":{"rendered":"https:\/\/www.sana.sy\/tr\/?p=131946"},"modified":"2017-12-14T10:52:47","modified_gmt":"2017-12-14T08:52:47","slug":"engelliler-gununde-spor-faaliyeti","status":"publish","type":"post","link":"https:\/\/archive.sana.sy\/tr\/?p=131946","title":{"rendered":"Engelliler G\u00fcn\u00fcnde Spor Faaliyeti"},"content":{"rendered":"<p>LAZK\u0130YE \u2013 Lazkiye\u2019de \u00d6zel Olimpiyat Kurumu il genelinde bir dizi sivil toplum cemiyeti ile i\u015fbirli\u011fi i\u00e7inde D\u00fcnya Engelliler G\u00fcn\u00fc m\u00fcnasebetiyle spor faaliyeti d\u00fczenledi.<\/p>\n<p>Lazkiye\u2019deki Esad Spor Kentinde d\u00fczenlenen etkinli\u011fin a\u00e7\u0131l\u0131\u015f\u0131nda konu\u015fan Ulusal \u00d6zel Olimpiyatlar M\u00fcd\u00fcr\u00fc Talal Berniye engelli sporuna daha fazla \u00f6zenin g\u00f6sterilmesi gerekti\u011fine dikkat \u00e7ekti.<\/p>\n<p>Berniye bu ba\u011flamda sivil toplum kurum ve faaliyetleri ile i\u015fbirli\u011finin \u00f6nemine vurgu yaparken, engellilerin muhtelif spor dallar\u0131nda yerel ve uluslar aras\u0131 d\u00fczeyde kaydettikleri ba\u015far\u0131lara \u0131\u015f\u0131k tuttu.<\/p>\n<p>\u00d6zel Olimpiyatlar Kurumu daha \u00f6nce Tartus \u0130linde de benzer bir faaliyette bulunmu\u015ftu.<\/p>\n","protected":false},"excerpt":{"rendered":"<p>LAZK\u0130YE \u2013 Lazkiye\u2019de \u00d6zel Olimpiyat Kurumu il genelinde bir dizi sivil toplum cemiyeti ile i\u015fbirli\u011fi i\u00e7inde D\u00fcnya Engelliler G\u00fcn\u00fc m\u00fcnasebetiyle spor faaliyeti d\u00fczenledi. Lazkiye\u2019deki Esad Spor Kentinde d\u00fczenlenen etkinli\u011fin a\u00e7\u0131l\u0131\u015f\u0131nda konu\u015fan Ulusal \u00d6zel Olimpiyatlar M\u00fcd\u00fcr\u00fc Talal Berniye engelli sporuna daha fazla \u00f6zenin g\u00f6sterilmesi gerekti\u011fine dikkat \u00e7ekti. Berniye bu ba\u011flamda sivil toplum kurum ve faaliyetleri ile &hellip;<\/p>\n","protected":false},"author":1,"featured_media":131948,"comment_status":"closed","ping_status":"closed","sticky":false,"template":"","format":"standard","meta":{"footnotes":""},"categories":[526,541,17988,496,525,538,497],"tags":[33641,33815,33814,33816,16591,22181],"class_list":["post-131946","post","type-post","status-publish","format-standard","has-post-thumbnail","","category-haber-ve-raporlar","category-haberler","category-son-haberler","category-spor","category-toplum","category-yasam","category-yerel-turnuvalar","tag-dunya-engelli-gunu","tag-engelli-sporu","tag-ozel-olimpiyatlar","tag-spor-faaliyeti","tag-suriye","tag-suriyeliler"],"_links":{"self":[{"href":"https:\/\/archive.sana.sy\/tr\/index.php?rest_route=\/wp\/v2\/posts\/131946","targetHints":{"allow":["GET"]}}],"collection":[{"href":"https:\/\/archive.sana.sy\/tr\/index.php?rest_route=\/wp\/v2\/posts"}],"about":[{"href":"https:\/\/archive.sana.sy\/tr\/index.php?rest_route=\/wp\/v2\/types\/post"}],"author":[{"embeddable":true,"href":"https:\/\/archive.sana.sy\/tr\/index.php?rest_route=\/wp\/v2\/users\/1"}],"replies":[{"embeddable":true,"href":"https:\/\/archive.sana.sy\/tr\/index.php?rest_route=%2Fwp%2Fv2%2Fcomments&post=131946"}],"version-history":[{"count":0,"href":"https:\/\/archive.sana.sy\/tr\/index.php?rest_route=\/wp\/v2\/posts\/131946\/revisions"}],"wp:featuredmedia":[{"embeddable":true,"href":"https:\/\/archive.sana.sy\/tr\/index.php?rest_route=\/wp\/v2\/media\/131948"}],"wp:attachment":[{"href":"https:\/\/archive.sana.sy\/tr\/index.php?rest_route=%2Fwp%2Fv2%2Fmedia&parent=131946"}],"wp:term":[{"taxonomy":"category","embeddable":true,"href":"https:\/\/archive.sana.sy\/tr\/index.php?rest_route=%2Fwp%2Fv2%2Fcategories&post=131946"},{"taxonomy":"post_tag","embeddable":true,"href":"https:\/\/archive.sana.sy\/tr\/index.php?rest_route=%2Fwp%2Fv2%2Ftags&post=131946"}],"curies":[{"name":"wp","href":"https:\/\/api.w.org\/{rel}","templated":true}]}}