{"id":13197,"date":"2014-10-18T17:21:03","date_gmt":"2014-10-18T14:21:03","guid":{"rendered":"http:\/\/www.sana.sy\/tr\/?p=13197"},"modified":"2014-10-19T14:33:16","modified_gmt":"2014-10-19T11:33:16","slug":"cbeyliye-ve-civarindaki-onemli-kurumlar-ordunun-kontrolunde","status":"publish","type":"post","link":"https:\/\/archive.sana.sy\/tr\/?p=13197","title":{"rendered":"Cbeyliye ve Civar\u0131ndaki \u00d6nemli Kurumlar Ordunun Kontrol\u00fcnde"},"content":{"rendered":"<p>HALEP \u2013 Askeri bir kaynak ordu birliklerimizin Halep k\u0131rsal\u0131nda Cbeyliye K\u00f6y\u00fc ve civar\u0131nda bulunan t\u00fcm \u00f6nemli kurumlar\u0131n ter\u00f6ristlerden temizlenip kontrol alt\u0131na al\u0131nd\u0131\u011f\u0131n\u0131 belirtti.<\/p>\n<p>SANA\u2019ya a\u00e7\u0131klama yapan kaynak operasyonlarda olduk\u00e7a \u00e7ok say\u0131da ter\u00f6ristin silah ve ara\u00e7lar\u0131yla birlikte etkisiz hale getirildiklerini aktar\u0131rken, b\u00f6lgede arama tarama operasyonu ba\u015flat\u0131ld\u0131\u011f\u0131n\u0131 ifade etti.<\/p>\n<p>Ter\u00f6rden temizlenip kontrole al\u0131nan \u00f6nemli sanayi kurumlar\u0131 aras\u0131nda \u00e7imento fabrikas\u0131, de\u011firmenler, cam fabrikas\u0131 ve asayi\u015fi koruma taburunun yan\u0131 s\u0131ra serbest ticaret b\u00f6lgesinin de yer ald\u0131\u011f\u0131n\u0131 belirten kaynak; ordu birliklerimizin belirli y\u00f6nde ka\u00e7an ter\u00f6r \u00e7eteleri kovalama operasyonlar\u0131n\u0131 s\u00fcrd\u00fcrd\u00fcklerini aktard\u0131.<\/p>\n","protected":false},"excerpt":{"rendered":"<p>HALEP \u2013 Askeri bir kaynak ordu birliklerimizin Halep k\u0131rsal\u0131nda Cbeyliye K\u00f6y\u00fc ve civar\u0131nda bulunan t\u00fcm \u00f6nemli kurumlar\u0131n ter\u00f6ristlerden temizlenip kontrol alt\u0131na al\u0131nd\u0131\u011f\u0131n\u0131 belirtti. SANA\u2019ya a\u00e7\u0131klama yapan kaynak operasyonlarda olduk\u00e7a \u00e7ok say\u0131da ter\u00f6ristin silah ve ara\u00e7lar\u0131yla birlikte etkisiz hale getirildiklerini aktar\u0131rken, b\u00f6lgede arama tarama operasyonu ba\u015flat\u0131ld\u0131\u011f\u0131n\u0131 ifade etti. Ter\u00f6rden temizlenip kontrole al\u0131nan \u00f6nemli sanayi kurumlar\u0131 aras\u0131nda &hellip;<\/p>\n","protected":false},"author":1,"featured_media":13198,"comment_status":"closed","ping_status":"closed","sticky":false,"template":"","format":"standard","meta":{"footnotes":""},"categories":[575],"tags":[3779,3778],"class_list":["post-13197","post","type-post","status-publish","format-standard","has-post-thumbnail","","category-olaylar-ve-gercekler","tag-bolgede-arama-tarama-operasyonu-baslatildigini-ifade-etti","tag-cbeyliye-ve-civarindaki-onemli-kurumlar-ordunun-kontrolunde-halep-askeri-bir-kaynak-ordu-birliklerimizin-halep-kirsalinda-cbeyliye-koyu-ve-civarinda-bulunan-tum-onemli-kurumlarin-teroristler"],"_links":{"self":[{"href":"https:\/\/archive.sana.sy\/tr\/index.php?rest_route=\/wp\/v2\/posts\/13197","targetHints":{"allow":["GET"]}}],"collection":[{"href":"https:\/\/archive.sana.sy\/tr\/index.php?rest_route=\/wp\/v2\/posts"}],"about":[{"href":"https:\/\/archive.sana.sy\/tr\/index.php?rest_route=\/wp\/v2\/types\/post"}],"author":[{"embeddable":true,"href":"https:\/\/archive.sana.sy\/tr\/index.php?rest_route=\/wp\/v2\/users\/1"}],"replies":[{"embeddable":true,"href":"https:\/\/archive.sana.sy\/tr\/index.php?rest_route=%2Fwp%2Fv2%2Fcomments&post=13197"}],"version-history":[{"count":0,"href":"https:\/\/archive.sana.sy\/tr\/index.php?rest_route=\/wp\/v2\/posts\/13197\/revisions"}],"wp:featuredmedia":[{"embeddable":true,"href":"https:\/\/archive.sana.sy\/tr\/index.php?rest_route=\/wp\/v2\/media\/13198"}],"wp:attachment":[{"href":"https:\/\/archive.sana.sy\/tr\/index.php?rest_route=%2Fwp%2Fv2%2Fmedia&parent=13197"}],"wp:term":[{"taxonomy":"category","embeddable":true,"href":"https:\/\/archive.sana.sy\/tr\/index.php?rest_route=%2Fwp%2Fv2%2Fcategories&post=13197"},{"taxonomy":"post_tag","embeddable":true,"href":"https:\/\/archive.sana.sy\/tr\/index.php?rest_route=%2Fwp%2Fv2%2Ftags&post=13197"}],"curies":[{"name":"wp","href":"https:\/\/api.w.org\/{rel}","templated":true}]}}