{"id":131991,"date":"2017-12-13T12:56:48","date_gmt":"2017-12-13T10:56:48","guid":{"rendered":"https:\/\/www.sana.sy\/tr\/?p=131991"},"modified":"2017-12-14T10:52:37","modified_gmt":"2017-12-14T08:52:37","slug":"takimimiz-iki-bronz-madalya-kazandi","status":"publish","type":"post","link":"https:\/\/archive.sana.sy\/tr\/?p=131991","title":{"rendered":"Tak\u0131m\u0131m\u0131z \u0130ki Bronz Madalya Kazand\u0131"},"content":{"rendered":"<p>TAHRAN \u2013 Milli Kung Fu oyuncumuz Muhammed \u015eemma \u0130ran\u2019n\u0131n ba\u015fkenti Tahran\u2019da d\u00fczenlenen Asya Kung Fu \u015eampiyonas\u0131nda oynanan ma\u00e7larda sergiledi\u011fi g\u00fczel d\u00f6v\u00fc\u015f stillerinde iki bronz madalya kazand\u0131.<\/p>\n<p><a href=\"https:\/\/www.sana.sy\/tr\/wp-content\/uploads\/2017\/12\/2-48.jpg\"><img loading=\"lazy\" decoding=\"async\" class=\"alignright wp-image-131993 size-medium\" src=\"https:\/\/www.sana.sy\/tr\/wp-content\/uploads\/2017\/12\/2-48-300x190.jpg\" alt=\"\" width=\"300\" height=\"190\" srcset=\"https:\/\/archive.sana.sy\/tr\/wp-content\/uploads\/2017\/12\/2-48-300x190.jpg 300w, https:\/\/archive.sana.sy\/tr\/wp-content\/uploads\/2017\/12\/2-48-150x95.jpg 150w, https:\/\/archive.sana.sy\/tr\/wp-content\/uploads\/2017\/12\/2-48-768x485.jpg 768w, https:\/\/archive.sana.sy\/tr\/wp-content\/uploads\/2017\/12\/2-48.jpg 785w\" sizes=\"auto, (max-width: 300px) 100vw, 300px\" \/><\/a>Kikboks Federasyonu Sekreteri Humam Daye SANA spor muhabirine verdi\u011fi deme\u00e7te, 12 Asya \u00fclkesinin kat\u0131ld\u0131\u011f\u0131 \u015fampiyonada bir performans ve g\u00fc\u00e7l\u00fc bir rekabet kaydedildi\u011fini belirtti.<\/p>\n<p>Dayya, oyuncumuz \u015eemma\u2019n\u0131n g\u00f6sterdi\u011fi ba\u015far\u0131s\u0131 sayesinde bayra\u011f\u0131m\u0131z\u0131 Asya Kung Fu \u015eampiyonas\u0131nda onurla dalgaland\u0131rd\u0131\u011f\u0131na dikkat \u00e7ekti.<\/p>\n<p>K.\u00f6.<\/p>\n","protected":false},"excerpt":{"rendered":"<p>TAHRAN \u2013 Milli Kung Fu oyuncumuz Muhammed \u015eemma \u0130ran\u2019n\u0131n ba\u015fkenti Tahran\u2019da d\u00fczenlenen Asya Kung Fu \u015eampiyonas\u0131nda oynanan ma\u00e7larda sergiledi\u011fi g\u00fczel d\u00f6v\u00fc\u015f stillerinde iki bronz madalya kazand\u0131. Kikboks Federasyonu Sekreteri Humam Daye SANA spor muhabirine verdi\u011fi deme\u00e7te, 12 Asya \u00fclkesinin kat\u0131ld\u0131\u011f\u0131 \u015fampiyonada bir performans ve g\u00fc\u00e7l\u00fc bir rekabet kaydedildi\u011fini belirtti. Dayya, oyuncumuz \u015eemma\u2019n\u0131n g\u00f6sterdi\u011fi ba\u015far\u0131s\u0131 sayesinde &hellip;<\/p>\n","protected":false},"author":1,"featured_media":131992,"comment_status":"closed","ping_status":"closed","sticky":false,"template":"","format":"standard","meta":{"footnotes":""},"categories":[458,498,459,17988,496],"tags":[3915,33830,33829,16591,22181,10745],"class_list":["post-131991","post","type-post","status-publish","format-standard","has-post-thumbnail","","category-dunya1","category-dunya-turnuvalari","category-haberler-arap-uluslararasi-politika","category-son-haberler","category-spor","tag-iran","tag-kikboks-federasyonu-sekreteri-humam-daye","tag-kung-fu","tag-suriye","tag-suriyeliler","tag-tahran"],"_links":{"self":[{"href":"https:\/\/archive.sana.sy\/tr\/index.php?rest_route=\/wp\/v2\/posts\/131991","targetHints":{"allow":["GET"]}}],"collection":[{"href":"https:\/\/archive.sana.sy\/tr\/index.php?rest_route=\/wp\/v2\/posts"}],"about":[{"href":"https:\/\/archive.sana.sy\/tr\/index.php?rest_route=\/wp\/v2\/types\/post"}],"author":[{"embeddable":true,"href":"https:\/\/archive.sana.sy\/tr\/index.php?rest_route=\/wp\/v2\/users\/1"}],"replies":[{"embeddable":true,"href":"https:\/\/archive.sana.sy\/tr\/index.php?rest_route=%2Fwp%2Fv2%2Fcomments&post=131991"}],"version-history":[{"count":0,"href":"https:\/\/archive.sana.sy\/tr\/index.php?rest_route=\/wp\/v2\/posts\/131991\/revisions"}],"wp:featuredmedia":[{"embeddable":true,"href":"https:\/\/archive.sana.sy\/tr\/index.php?rest_route=\/wp\/v2\/media\/131992"}],"wp:attachment":[{"href":"https:\/\/archive.sana.sy\/tr\/index.php?rest_route=%2Fwp%2Fv2%2Fmedia&parent=131991"}],"wp:term":[{"taxonomy":"category","embeddable":true,"href":"https:\/\/archive.sana.sy\/tr\/index.php?rest_route=%2Fwp%2Fv2%2Fcategories&post=131991"},{"taxonomy":"post_tag","embeddable":true,"href":"https:\/\/archive.sana.sy\/tr\/index.php?rest_route=%2Fwp%2Fv2%2Ftags&post=131991"}],"curies":[{"name":"wp","href":"https:\/\/api.w.org\/{rel}","templated":true}]}}