{"id":132263,"date":"2017-12-15T16:30:30","date_gmt":"2017-12-15T14:30:30","guid":{"rendered":"https:\/\/www.sana.sy\/tr\/?p=132263"},"modified":"2017-12-16T09:50:59","modified_gmt":"2017-12-16T07:50:59","slug":"haseke-kentinde-baris-gecidi","status":"publish","type":"post","link":"https:\/\/archive.sana.sy\/tr\/?p=132263","title":{"rendered":"Haseke Kentinde Bar\u0131\u015f Ge\u00e7idi"},"content":{"rendered":"<p>HASEKE \u2013 Haseke Kentinde Ber ve Sosyal Hizmetler Cemiyetine ba\u011fl\u0131 \u2018Gen\u00e7lerin Diyalog Kafeleri Projesi Kentin Tel Hacer Semtinde \u2018Bar\u0131\u015f Ge\u00e7idi\u2019 slogan\u0131 alt\u0131nda bir faaliyet d\u00fczenledi.<\/p>\n<p>Faaliyette cadde ve sokaklar s\u00fcslenip duvarlara resimler resmedilirken, gen\u00e7lerin sosyal ileti\u015fim becerilerini peki\u015ftiren e\u011fitim at\u00f6lyeleri kuruldu.<\/p>\n<p><a href=\"https:\/\/www.sana.sy\/tr\/wp-content\/uploads\/2017\/12\/haseke1.jpg\"><img loading=\"lazy\" decoding=\"async\" class=\"alignright wp-image-132267 size-medium\" src=\"https:\/\/www.sana.sy\/tr\/wp-content\/uploads\/2017\/12\/haseke1-300x168.jpg\" alt=\"\" width=\"300\" height=\"168\" srcset=\"https:\/\/archive.sana.sy\/tr\/wp-content\/uploads\/2017\/12\/haseke1-300x168.jpg 300w, https:\/\/archive.sana.sy\/tr\/wp-content\/uploads\/2017\/12\/haseke1-150x84.jpg 150w, https:\/\/archive.sana.sy\/tr\/wp-content\/uploads\/2017\/12\/haseke1.jpg 660w\" sizes=\"auto, (max-width: 300px) 100vw, 300px\" \/><\/a>Proje e\u011fitmeni Leyla \u0130skan SANA\u2019ya verdi\u011fi deme\u00e7te, Birle\u015fmi\u015f Milletler Kalk\u0131nma Program\u0131 (UNDP) ile birlikte yap\u0131lan faaliyetin, \u00e7e\u015fitli toplumsal gruplardan gen\u00e7lerin yan\u0131 s\u0131ra \u201cFikir\u201d ve \u201c Kitab\u0131m Sana\u201d projelerinden g\u00f6n\u00fcll\u00fclerin de kat\u0131ld\u0131\u011f\u0131n\u0131 s\u00f6yledi.<\/p>\n<p>\u0130skan, proje kapsam\u0131nda, ekip olu\u015fturma ve liderlik becerilerine odaklanan e\u011fitim seminerleri ve sosyal dayan\u0131\u015fma ve kalk\u0131nman\u0131n te\u015fvik edilmesi d\u00e2hil olmak \u00fczere projeye 100\u2019e yak\u0131n gen\u00e7 k\u0131z ve erke\u011fin kat\u0131ld\u0131\u011f\u0131n\u0131 kaydetti.<\/p>\n<p>K.\u00d6.<\/p>\n","protected":false},"excerpt":{"rendered":"<p>HASEKE \u2013 Haseke Kentinde Ber ve Sosyal Hizmetler Cemiyetine ba\u011fl\u0131 \u2018Gen\u00e7lerin Diyalog Kafeleri Projesi Kentin Tel Hacer Semtinde \u2018Bar\u0131\u015f Ge\u00e7idi\u2019 slogan\u0131 alt\u0131nda bir faaliyet d\u00fczenledi. Faaliyette cadde ve sokaklar s\u00fcslenip duvarlara resimler resmedilirken, gen\u00e7lerin sosyal ileti\u015fim becerilerini peki\u015ftiren e\u011fitim at\u00f6lyeleri kuruldu. Proje e\u011fitmeni Leyla \u0130skan SANA\u2019ya verdi\u011fi deme\u00e7te, Birle\u015fmi\u015f Milletler Kalk\u0131nma Program\u0131 (UNDP) ile birlikte &hellip;<\/p>\n","protected":false},"author":1,"featured_media":132266,"comment_status":"closed","ping_status":"closed","sticky":false,"template":"","format":"standard","meta":{"footnotes":""},"categories":[526,541,479,17988,525,538,478],"tags":[33857,33859,1140,33858,16591,22181],"class_list":["post-132263","post","type-post","status-publish","format-standard","has-post-thumbnail","","category-haber-ve-raporlar","category-haberler","category-haberler-yerel","category-son-haberler","category-toplum","category-yasam","category-yerel","tag-ber-ve-sosyal-hizmetler-cemiyetine","tag-birlesmis-milletler-kalkinma-programi-undp","tag-haseke","tag-leyla-iskan","tag-suriye","tag-suriyeliler"],"_links":{"self":[{"href":"https:\/\/archive.sana.sy\/tr\/index.php?rest_route=\/wp\/v2\/posts\/132263","targetHints":{"allow":["GET"]}}],"collection":[{"href":"https:\/\/archive.sana.sy\/tr\/index.php?rest_route=\/wp\/v2\/posts"}],"about":[{"href":"https:\/\/archive.sana.sy\/tr\/index.php?rest_route=\/wp\/v2\/types\/post"}],"author":[{"embeddable":true,"href":"https:\/\/archive.sana.sy\/tr\/index.php?rest_route=\/wp\/v2\/users\/1"}],"replies":[{"embeddable":true,"href":"https:\/\/archive.sana.sy\/tr\/index.php?rest_route=%2Fwp%2Fv2%2Fcomments&post=132263"}],"version-history":[{"count":0,"href":"https:\/\/archive.sana.sy\/tr\/index.php?rest_route=\/wp\/v2\/posts\/132263\/revisions"}],"wp:featuredmedia":[{"embeddable":true,"href":"https:\/\/archive.sana.sy\/tr\/index.php?rest_route=\/wp\/v2\/media\/132266"}],"wp:attachment":[{"href":"https:\/\/archive.sana.sy\/tr\/index.php?rest_route=%2Fwp%2Fv2%2Fmedia&parent=132263"}],"wp:term":[{"taxonomy":"category","embeddable":true,"href":"https:\/\/archive.sana.sy\/tr\/index.php?rest_route=%2Fwp%2Fv2%2Fcategories&post=132263"},{"taxonomy":"post_tag","embeddable":true,"href":"https:\/\/archive.sana.sy\/tr\/index.php?rest_route=%2Fwp%2Fv2%2Ftags&post=132263"}],"curies":[{"name":"wp","href":"https:\/\/api.w.org\/{rel}","templated":true}]}}