{"id":132264,"date":"2017-12-15T16:45:18","date_gmt":"2017-12-15T14:45:18","guid":{"rendered":"https:\/\/www.sana.sy\/tr\/?p=132264"},"modified":"2017-12-16T09:50:57","modified_gmt":"2017-12-16T07:50:57","slug":"arap-ulkelerinin-sessiz-tutumunu-da-kinadilar","status":"publish","type":"post","link":"https:\/\/archive.sana.sy\/tr\/?p=132264","title":{"rendered":"Arap \u00dclkelerinin Sessiz Tutumunu da K\u0131nad\u0131lar"},"content":{"rendered":"<p>\u015eAM KIRSALI \u2013 \u015eam k\u0131rsal\u0131n\u0131n do\u011fusu Ceramana ve Duveylia kasabalar\u0131nda Suriyeli ve Suriye&#8217;de ya\u015fayan Filistinli m\u00fcltecilerden y\u00fczlerce ki\u015fi bug\u00fcn Filistinli direni\u015f gruplar\u0131n\u0131n \u00e7a\u011fr\u0131s\u0131 \u00fczerine d\u00fczenlenen ve Kud\u00fcs ile dayan\u0131\u015fmay\u0131 ama\u00e7layan mitinge kat\u0131ld\u0131lar.<\/p>\n<p>Kat\u0131l\u0131mc\u0131lar ABD Ba\u015fkan\u0131 Donald Trump\u2019un Filistinlilerin me\u015fru hakk\u0131 olan ve Filistin&#8217;in ayr\u0131lmaz bir par\u00e7as\u0131 ve ba\u015fkenti olan Kud\u00fcs\u2019\u00fcn gasp\u00e7\u0131 \u0130srail&#8217;in ba\u015fkenti olarak tan\u0131yan karar\u0131n\u0131 k\u0131nay\u0131p protesto ettiler.<\/p>\n<p><a href=\"https:\/\/www.sana.sy\/tr\/wp-content\/uploads\/2017\/12\/2-59.jpg\"><img loading=\"lazy\" decoding=\"async\" class=\"alignright wp-image-132270 size-medium\" src=\"https:\/\/www.sana.sy\/tr\/wp-content\/uploads\/2017\/12\/2-59-300x197.jpg\" alt=\"\" width=\"300\" height=\"197\" srcset=\"https:\/\/archive.sana.sy\/tr\/wp-content\/uploads\/2017\/12\/2-59-300x197.jpg 300w, https:\/\/archive.sana.sy\/tr\/wp-content\/uploads\/2017\/12\/2-59-150x98.jpg 150w, https:\/\/archive.sana.sy\/tr\/wp-content\/uploads\/2017\/12\/2-59-768x503.jpg 768w, https:\/\/archive.sana.sy\/tr\/wp-content\/uploads\/2017\/12\/2-59-310x205.jpg 310w, https:\/\/archive.sana.sy\/tr\/wp-content\/uploads\/2017\/12\/2-59.jpg 800w\" sizes=\"auto, (max-width: 300px) 100vw, 300px\" \/><\/a>Eyleme kat\u0131lanlar, Kud\u00fcs\u2019\u00fcn Arap topraklar\u0131 oldu\u011funu ve \u00f6yle kalaca\u011f\u0131n\u0131 bir kez daha vurgulad\u0131lar. Amerika\u2019n\u0131n bu karar\u0131n\u0131 Arap ve \u0130slam toplumuna kar\u015f\u0131 d\u00fc\u015fmanc\u0131 bir karar olarak nitelendiren kat\u0131l\u0131mc\u0131lar; Filistin halk\u0131n\u0131n yan\u0131nda olduklar\u0131n\u0131 ve Kud\u00fcs\u2019\u00fc savunacaklar\u0131n\u0131 ifade ettiler.<\/p>\n<p>Eylemciler ayr\u0131ca, t\u00fcm halklar\u0131 Amerikan ve Siyonist \u0130srail\u2019in mallar\u0131n\u0131 boykot etmeye \u00e7a\u011f\u0131rd\u0131.<\/p>\n<p>Y\u00fcr\u00fcy\u00fc\u015f s\u0131ras\u0131ndan Suriye ve Filistin bayraklar\u0131 ta\u015f\u0131yan g\u00f6stericiler Amerika\u2019ya kar\u015f\u0131 m\u00fccadeleyi, Kud\u00fcs ve Aksa Camisinin \u00f6zg\u00fcrl\u00fc\u011f\u00fcn\u00fc isteyen sloganlar atarken, Arap devletlerinin bu karara kar\u015f\u0131 suskunluklar\u0131na son vermelerini ve Filistin davas\u0131n\u0131 desteklemelerini istediler.<\/p>\n<p>K.\u00d6.<\/p>\n<div id='gallery-1' class='gallery galleryid-132264 gallery-columns-2 gallery-size-medium'><figure class='gallery-item'>\n\t\t\t<div class='gallery-icon landscape'>\n\t\t\t\t<a href='https:\/\/archive.sana.sy\/tr\/wp-content\/uploads\/2017\/12\/4-19.jpg'><img loading=\"lazy\" decoding=\"async\" width=\"300\" height=\"200\" src=\"https:\/\/archive.sana.sy\/tr\/wp-content\/uploads\/2017\/12\/4-19-300x200.jpg\" class=\"attachment-medium size-medium\" alt=\"\" srcset=\"https:\/\/archive.sana.sy\/tr\/wp-content\/uploads\/2017\/12\/4-19-300x200.jpg 300w, https:\/\/archive.sana.sy\/tr\/wp-content\/uploads\/2017\/12\/4-19-150x100.jpg 150w, https:\/\/archive.sana.sy\/tr\/wp-content\/uploads\/2017\/12\/4-19-768x511.jpg 768w, https:\/\/archive.sana.sy\/tr\/wp-content\/uploads\/2017\/12\/4-19.jpg 800w\" sizes=\"auto, (max-width: 300px) 100vw, 300px\" \/><\/a>\n\t\t\t<\/div><\/figure><figure class='gallery-item'>\n\t\t\t<div class='gallery-icon landscape'>\n\t\t\t\t<a href='https:\/\/archive.sana.sy\/tr\/wp-content\/uploads\/2017\/12\/3-42.jpg'><img loading=\"lazy\" decoding=\"async\" width=\"300\" height=\"209\" src=\"https:\/\/archive.sana.sy\/tr\/wp-content\/uploads\/2017\/12\/3-42-300x209.jpg\" class=\"attachment-medium size-medium\" alt=\"\" srcset=\"https:\/\/archive.sana.sy\/tr\/wp-content\/uploads\/2017\/12\/3-42-300x209.jpg 300w, https:\/\/archive.sana.sy\/tr\/wp-content\/uploads\/2017\/12\/3-42-150x104.jpg 150w, https:\/\/archive.sana.sy\/tr\/wp-content\/uploads\/2017\/12\/3-42-768x534.jpg 768w, https:\/\/archive.sana.sy\/tr\/wp-content\/uploads\/2017\/12\/3-42.jpg 800w\" sizes=\"auto, (max-width: 300px) 100vw, 300px\" \/><\/a>\n\t\t\t<\/div><\/figure>\n\t\t<\/div>\n\n","protected":false},"excerpt":{"rendered":"<p>\u015eAM KIRSALI \u2013 \u015eam k\u0131rsal\u0131n\u0131n do\u011fusu Ceramana ve Duveylia kasabalar\u0131nda Suriyeli ve Suriye&#8217;de ya\u015fayan Filistinli m\u00fcltecilerden y\u00fczlerce ki\u015fi bug\u00fcn Filistinli direni\u015f gruplar\u0131n\u0131n \u00e7a\u011fr\u0131s\u0131 \u00fczerine d\u00fczenlenen ve Kud\u00fcs ile dayan\u0131\u015fmay\u0131 ama\u00e7layan mitinge kat\u0131ld\u0131lar. Kat\u0131l\u0131mc\u0131lar ABD Ba\u015fkan\u0131 Donald Trump\u2019un Filistinlilerin me\u015fru hakk\u0131 olan ve Filistin&#8217;in ayr\u0131lmaz bir par\u00e7as\u0131 ve ba\u015fkenti olan Kud\u00fcs\u2019\u00fcn gasp\u00e7\u0131 \u0130srail&#8217;in ba\u015fkenti olarak tan\u0131yan &hellip;<\/p>\n","protected":false},"author":1,"featured_media":132269,"comment_status":"closed","ping_status":"closed","sticky":false,"template":"","format":"standard","meta":{"footnotes":""},"categories":[596,479,17988,478],"tags":[33861,33860,33862,10261,2297,16591,22181],"class_list":["post-132264","post","type-post","status-publish","format-standard","has-post-thumbnail","","category-fotografli-raporlar","category-haberler-yerel","category-son-haberler","category-yerel","tag-aksa-camisi","tag-ceramana","tag-donald-trump-protesto","tag-kudus","tag-sam-kirsali","tag-suriye","tag-suriyeliler"],"_links":{"self":[{"href":"https:\/\/archive.sana.sy\/tr\/index.php?rest_route=\/wp\/v2\/posts\/132264","targetHints":{"allow":["GET"]}}],"collection":[{"href":"https:\/\/archive.sana.sy\/tr\/index.php?rest_route=\/wp\/v2\/posts"}],"about":[{"href":"https:\/\/archive.sana.sy\/tr\/index.php?rest_route=\/wp\/v2\/types\/post"}],"author":[{"embeddable":true,"href":"https:\/\/archive.sana.sy\/tr\/index.php?rest_route=\/wp\/v2\/users\/1"}],"replies":[{"embeddable":true,"href":"https:\/\/archive.sana.sy\/tr\/index.php?rest_route=%2Fwp%2Fv2%2Fcomments&post=132264"}],"version-history":[{"count":0,"href":"https:\/\/archive.sana.sy\/tr\/index.php?rest_route=\/wp\/v2\/posts\/132264\/revisions"}],"wp:featuredmedia":[{"embeddable":true,"href":"https:\/\/archive.sana.sy\/tr\/index.php?rest_route=\/wp\/v2\/media\/132269"}],"wp:attachment":[{"href":"https:\/\/archive.sana.sy\/tr\/index.php?rest_route=%2Fwp%2Fv2%2Fmedia&parent=132264"}],"wp:term":[{"taxonomy":"category","embeddable":true,"href":"https:\/\/archive.sana.sy\/tr\/index.php?rest_route=%2Fwp%2Fv2%2Fcategories&post=132264"},{"taxonomy":"post_tag","embeddable":true,"href":"https:\/\/archive.sana.sy\/tr\/index.php?rest_route=%2Fwp%2Fv2%2Ftags&post=132264"}],"curies":[{"name":"wp","href":"https:\/\/api.w.org\/{rel}","templated":true}]}}