{"id":132274,"date":"2017-12-15T15:00:04","date_gmt":"2017-12-15T13:00:04","guid":{"rendered":"https:\/\/www.sana.sy\/tr\/?p=132274"},"modified":"2017-12-16T09:51:07","modified_gmt":"2017-12-16T07:51:07","slug":"manastir-37-koyde-yardim-dagitti","status":"publish","type":"post","link":"https:\/\/archive.sana.sy\/tr\/?p=132274","title":{"rendered":"Manast\u0131r 37 K\u00f6yde Yard\u0131m Da\u011f\u0131tt\u0131"},"content":{"rendered":"<p>HALEP \u2013 Mar Yakup Manast\u0131r\u0131 bug\u00fcn Rakka\u2019n\u0131n bat\u0131 k\u0131rsal\u0131 Dibsi Afnan Nahiyesine tabi 37 k\u00f6y ve yerle\u015fim alan\u0131nda ihtiya\u00e7 sahibi vatanda\u015flara g\u0131da ve t\u0131bbi yard\u0131m da\u011f\u0131tt\u0131.<\/p>\n<p>Manast\u0131rda Proje M\u00fcd\u00fcr\u00fc \u0130sa \u0130sbir SANA\u2019ya yapt\u0131\u011f\u0131 a\u00e7\u0131klamada, da\u011f\u0131t\u0131lan bu yard\u0131mlar\u0131n s\u00f6z konusu b\u00f6lgelerin ter\u00f6rden kurtar\u0131lmalar\u0131 ard\u0131ndan evlerine d\u00f6nen vatanda\u015flara yard\u0131m ve deste\u011fi ama\u00e7lad\u0131\u011f\u0131n\u0131 belirtti.<\/p>\n<p>\u0130sbir g\u0131da ve t\u0131bbi yard\u0131m paketlerinin da\u011f\u0131t\u0131lmas\u0131na e\u015f zamanl\u0131 olarak muhtelif uzmanl\u0131klardan sa\u011fl\u0131k ekibinin 400\u2019den fazla hastay\u0131 muayene edip tdavi ettiklerini s\u00f6zlerine ekledi.<\/p>\n<p>Evlerine d\u00f6nen vatanda\u015flar ise k\u00f6ylerinin ter\u00f6rden kurtulmalar\u0131 ve g\u00fcvenli\u011fin sa\u011flanmas\u0131ndan memnuniyetlerini ifade ederlerken, g\u00fcn\u00fc birlik olarak \u00e7ok say\u0131da ailenin evlerine d\u00f6nd\u00fc\u011f\u00fcne dikkat \u00e7ekti.<\/p>\n","protected":false},"excerpt":{"rendered":"<p>HALEP \u2013 Mar Yakup Manast\u0131r\u0131 bug\u00fcn Rakka\u2019n\u0131n bat\u0131 k\u0131rsal\u0131 Dibsi Afnan Nahiyesine tabi 37 k\u00f6y ve yerle\u015fim alan\u0131nda ihtiya\u00e7 sahibi vatanda\u015flara g\u0131da ve t\u0131bbi yard\u0131m da\u011f\u0131tt\u0131. Manast\u0131rda Proje M\u00fcd\u00fcr\u00fc \u0130sa \u0130sbir SANA\u2019ya yapt\u0131\u011f\u0131 a\u00e7\u0131klamada, da\u011f\u0131t\u0131lan bu yard\u0131mlar\u0131n s\u00f6z konusu b\u00f6lgelerin ter\u00f6rden kurtar\u0131lmalar\u0131 ard\u0131ndan evlerine d\u00f6nen vatanda\u015flara yard\u0131m ve deste\u011fi ama\u00e7lad\u0131\u011f\u0131n\u0131 belirtti. \u0130sbir g\u0131da ve t\u0131bbi &hellip;<\/p>\n","protected":false},"author":1,"featured_media":132276,"comment_status":"closed","ping_status":"closed","sticky":false,"template":"","format":"standard","meta":{"footnotes":""},"categories":[479,17988,478],"tags":[33863,1132,16591,22181,33864],"class_list":["post-132274","post","type-post","status-publish","format-standard","has-post-thumbnail","","category-haberler-yerel","category-son-haberler","category-yerel","tag-dyer-yakup-manastiri","tag-halep","tag-suriye","tag-suriyeliler","tag-vatandaslara-yardim"],"_links":{"self":[{"href":"https:\/\/archive.sana.sy\/tr\/index.php?rest_route=\/wp\/v2\/posts\/132274","targetHints":{"allow":["GET"]}}],"collection":[{"href":"https:\/\/archive.sana.sy\/tr\/index.php?rest_route=\/wp\/v2\/posts"}],"about":[{"href":"https:\/\/archive.sana.sy\/tr\/index.php?rest_route=\/wp\/v2\/types\/post"}],"author":[{"embeddable":true,"href":"https:\/\/archive.sana.sy\/tr\/index.php?rest_route=\/wp\/v2\/users\/1"}],"replies":[{"embeddable":true,"href":"https:\/\/archive.sana.sy\/tr\/index.php?rest_route=%2Fwp%2Fv2%2Fcomments&post=132274"}],"version-history":[{"count":0,"href":"https:\/\/archive.sana.sy\/tr\/index.php?rest_route=\/wp\/v2\/posts\/132274\/revisions"}],"wp:featuredmedia":[{"embeddable":true,"href":"https:\/\/archive.sana.sy\/tr\/index.php?rest_route=\/wp\/v2\/media\/132276"}],"wp:attachment":[{"href":"https:\/\/archive.sana.sy\/tr\/index.php?rest_route=%2Fwp%2Fv2%2Fmedia&parent=132274"}],"wp:term":[{"taxonomy":"category","embeddable":true,"href":"https:\/\/archive.sana.sy\/tr\/index.php?rest_route=%2Fwp%2Fv2%2Fcategories&post=132274"},{"taxonomy":"post_tag","embeddable":true,"href":"https:\/\/archive.sana.sy\/tr\/index.php?rest_route=%2Fwp%2Fv2%2Ftags&post=132274"}],"curies":[{"name":"wp","href":"https:\/\/api.w.org\/{rel}","templated":true}]}}