{"id":13233,"date":"2014-10-19T09:56:49","date_gmt":"2014-10-19T06:56:49","guid":{"rendered":"http:\/\/www.sana.sy\/tr\/?p=13233"},"modified":"2014-10-19T09:56:49","modified_gmt":"2014-10-19T06:56:49","slug":"askeri-kaynak-ordu-birliklerimizin-dera-kirsali-deyr-el-ades-beldesinde-teroristlerin-toplanma-merkez-ve-hucrelerini-hedef-almalari-sonucunda-cok-sayida-teroristi-olu-ve-yarali-dusurduklerini-ellerin","status":"publish","type":"post","link":"https:\/\/archive.sana.sy\/tr\/?p=13233","title":{"rendered":"Askeri kaynak, ordu birliklerimizin Dera k\u0131rsal\u0131 Deyr el Ades Beldesinde ter\u00f6ristlerin toplanma merkez ve h\u00fccrelerini hedef almalar\u0131 sonucunda \u00e7ok say\u0131da ter\u00f6risti \u00f6l\u00fc ve yaral\u0131 d\u00fc\u015f\u00fcrd\u00fcklerini ellerindeki bir \u00e7ok arac\u0131 da imha ettiklerini s\u00f6yledi."},"content":{"rendered":"<p>Askeri kaynak, ordu birliklerimizin Dera k\u0131rsal\u0131 Deyr el Ades Beldesinde ter\u00f6ristlerin toplanma merkez ve h\u00fccrelerini hedef almalar\u0131 sonucunda \u00e7ok say\u0131da ter\u00f6risti \u00f6l\u00fc ve yaral\u0131 d\u00fc\u015f\u00fcrd\u00fcklerini ellerindeki bir \u00e7ok arac\u0131 da imha ettiklerini s\u00f6yledi.<\/p>\n","protected":false},"excerpt":{"rendered":"<p>Askeri kaynak, ordu birliklerimizin Dera k\u0131rsal\u0131 Deyr el Ades Beldesinde ter\u00f6ristlerin toplanma merkez ve h\u00fccrelerini hedef almalar\u0131 sonucunda \u00e7ok say\u0131da ter\u00f6risti \u00f6l\u00fc ve yaral\u0131 d\u00fc\u015f\u00fcrd\u00fcklerini ellerindeki bir \u00e7ok arac\u0131 da imha ettiklerini s\u00f6yledi.<\/p>\n","protected":false},"author":1,"featured_media":0,"comment_status":"closed","ping_status":"closed","sticky":false,"template":"","format":"standard","meta":{"footnotes":""},"categories":[1],"tags":[1031,3785],"class_list":["post-13233","post","type-post","status-publish","format-standard","","category-news-not-sorted","tag-askeri-kaynak","tag-ordu-birliklerimizin-dera-kirsali-deyr-el-ades-beldesinde-teroristlerin-toplanma-merkez-ve-hucrelerini-hedef-almalari-sonucunda-cok-sayida-teroristi-olu-ve-yarali-dusurduklerini-ellerindeki-bir-cok-ar"],"_links":{"self":[{"href":"https:\/\/archive.sana.sy\/tr\/index.php?rest_route=\/wp\/v2\/posts\/13233","targetHints":{"allow":["GET"]}}],"collection":[{"href":"https:\/\/archive.sana.sy\/tr\/index.php?rest_route=\/wp\/v2\/posts"}],"about":[{"href":"https:\/\/archive.sana.sy\/tr\/index.php?rest_route=\/wp\/v2\/types\/post"}],"author":[{"embeddable":true,"href":"https:\/\/archive.sana.sy\/tr\/index.php?rest_route=\/wp\/v2\/users\/1"}],"replies":[{"embeddable":true,"href":"https:\/\/archive.sana.sy\/tr\/index.php?rest_route=%2Fwp%2Fv2%2Fcomments&post=13233"}],"version-history":[{"count":0,"href":"https:\/\/archive.sana.sy\/tr\/index.php?rest_route=\/wp\/v2\/posts\/13233\/revisions"}],"wp:attachment":[{"href":"https:\/\/archive.sana.sy\/tr\/index.php?rest_route=%2Fwp%2Fv2%2Fmedia&parent=13233"}],"wp:term":[{"taxonomy":"category","embeddable":true,"href":"https:\/\/archive.sana.sy\/tr\/index.php?rest_route=%2Fwp%2Fv2%2Fcategories&post=13233"},{"taxonomy":"post_tag","embeddable":true,"href":"https:\/\/archive.sana.sy\/tr\/index.php?rest_route=%2Fwp%2Fv2%2Ftags&post=13233"}],"curies":[{"name":"wp","href":"https:\/\/api.w.org\/{rel}","templated":true}]}}