{"id":132531,"date":"2017-12-18T13:01:01","date_gmt":"2017-12-18T11:01:01","guid":{"rendered":"https:\/\/www.sana.sy\/tr\/?p=132531"},"modified":"2017-12-19T16:17:11","modified_gmt":"2017-12-19T14:17:11","slug":"asya-finallerine-hazirliklarini-surduruyor","status":"publish","type":"post","link":"https:\/\/archive.sana.sy\/tr\/?p=132531","title":{"rendered":"Asya Finallerine Haz\u0131rl\u0131klar\u0131n\u0131 S\u00fcrd\u00fcr\u00fcyor"},"content":{"rendered":"<p>\u015eAM \u2013 23 ya\u015f alt\u0131 futbol olimpiyat tak\u0131m\u0131m\u0131z \u00f6n\u00fcm\u00fczdeki ay\u0131n ba\u015flar\u0131nda \u00c7in\u2019de oynanacak Asya Kupas\u0131 finallerine haz\u0131rl\u0131klar\u0131n\u0131 s\u00fcrd\u00fcr\u00fcyor.<\/p>\n<p>Futbol tak\u0131m\u0131m\u0131z Asya Kupas\u0131 finallerinde G\u00fcney Kore, Avustralya ve Vietnam\u2019da olu\u015fan d\u00f6rd\u00fcnc\u00fc grupta oynayacak.<\/p>\n<p>Tak\u0131m Antren\u00f6r\u00fc H\u00fcseyin Afa\u015f, haz\u0131rl\u0131k s\u00fcresinin k\u0131sal\u0131\u011f\u0131 ve y\u00fcksek d\u00fczeyli haz\u0131rl\u0131k ma\u00e7lar\u0131 oynama f\u0131rsat\u0131 bulunmamas\u0131na ra\u011fmen finallerde g\u00fczel sonu\u00e7lar al\u0131nmas\u0131 i\u00e7in haz\u0131rl\u0131klar\u0131n yo\u011fun bir \u00e7abayla devam etti\u011fini kaydetti.<\/p>\n","protected":false},"excerpt":{"rendered":"<p>\u015eAM \u2013 23 ya\u015f alt\u0131 futbol olimpiyat tak\u0131m\u0131m\u0131z \u00f6n\u00fcm\u00fczdeki ay\u0131n ba\u015flar\u0131nda \u00c7in\u2019de oynanacak Asya Kupas\u0131 finallerine haz\u0131rl\u0131klar\u0131n\u0131 s\u00fcrd\u00fcr\u00fcyor. Futbol tak\u0131m\u0131m\u0131z Asya Kupas\u0131 finallerinde G\u00fcney Kore, Avustralya ve Vietnam\u2019da olu\u015fan d\u00f6rd\u00fcnc\u00fc grupta oynayacak. Tak\u0131m Antren\u00f6r\u00fc H\u00fcseyin Afa\u015f, haz\u0131rl\u0131k s\u00fcresinin k\u0131sal\u0131\u011f\u0131 ve y\u00fcksek d\u00fczeyli haz\u0131rl\u0131k ma\u00e7lar\u0131 oynama f\u0131rsat\u0131 bulunmamas\u0131na ra\u011fmen finallerde g\u00fczel sonu\u00e7lar al\u0131nmas\u0131 i\u00e7in haz\u0131rl\u0131klar\u0131n yo\u011fun &hellip;<\/p>\n","protected":false},"author":1,"featured_media":132532,"comment_status":"closed","ping_status":"closed","sticky":false,"template":"","format":"standard","meta":{"footnotes":""},"categories":[479,17988,478],"tags":[],"class_list":["post-132531","post","type-post","status-publish","format-standard","has-post-thumbnail","","category-haberler-yerel","category-son-haberler","category-yerel"],"_links":{"self":[{"href":"https:\/\/archive.sana.sy\/tr\/index.php?rest_route=\/wp\/v2\/posts\/132531","targetHints":{"allow":["GET"]}}],"collection":[{"href":"https:\/\/archive.sana.sy\/tr\/index.php?rest_route=\/wp\/v2\/posts"}],"about":[{"href":"https:\/\/archive.sana.sy\/tr\/index.php?rest_route=\/wp\/v2\/types\/post"}],"author":[{"embeddable":true,"href":"https:\/\/archive.sana.sy\/tr\/index.php?rest_route=\/wp\/v2\/users\/1"}],"replies":[{"embeddable":true,"href":"https:\/\/archive.sana.sy\/tr\/index.php?rest_route=%2Fwp%2Fv2%2Fcomments&post=132531"}],"version-history":[{"count":0,"href":"https:\/\/archive.sana.sy\/tr\/index.php?rest_route=\/wp\/v2\/posts\/132531\/revisions"}],"wp:featuredmedia":[{"embeddable":true,"href":"https:\/\/archive.sana.sy\/tr\/index.php?rest_route=\/wp\/v2\/media\/132532"}],"wp:attachment":[{"href":"https:\/\/archive.sana.sy\/tr\/index.php?rest_route=%2Fwp%2Fv2%2Fmedia&parent=132531"}],"wp:term":[{"taxonomy":"category","embeddable":true,"href":"https:\/\/archive.sana.sy\/tr\/index.php?rest_route=%2Fwp%2Fv2%2Fcategories&post=132531"},{"taxonomy":"post_tag","embeddable":true,"href":"https:\/\/archive.sana.sy\/tr\/index.php?rest_route=%2Fwp%2Fv2%2Ftags&post=132531"}],"curies":[{"name":"wp","href":"https:\/\/api.w.org\/{rel}","templated":true}]}}