{"id":132543,"date":"2017-12-18T13:51:24","date_gmt":"2017-12-18T11:51:24","guid":{"rendered":"https:\/\/www.sana.sy\/tr\/?p=132543"},"modified":"2017-12-18T13:51:24","modified_gmt":"2017-12-18T11:51:24","slug":"rus-heyeti-kabulunde-el-esad-terore-karsi-saglanan-zaferlerin-suriyede-dis-guclere-tabi-teror-orgutleri-yikip-sabote-ettiklerini-yeniden-yapilandirma-ortami-yarattigina-dikkat-cekerken-bunun-suri","status":"publish","type":"post","link":"https:\/\/archive.sana.sy\/tr\/?p=132543","title":{"rendered":"Rus heyeti kabul\u00fcnde el Esad; ter\u00f6re kar\u015f\u0131 sa\u011flanan zaferlerin, Suriye&#8217;de d\u0131\u015f g\u00fc\u00e7lere tabi ter\u00f6r \u00f6rg\u00fctleri y\u0131k\u0131p sabote ettiklerini yeniden yap\u0131land\u0131rma ortam\u0131 yaratt\u0131\u011f\u0131na dikkat \u00e7ekerken, bunun Suriye ve Rusya aras\u0131nda yeni yat\u0131r\u0131m ve i\u015fbirli\u011fi projeleri ufuklar\u0131n\u0131 geni\u015fletti\u011fini belirtti.\u200f"},"content":{"rendered":"<p>Rus heyeti kabul\u00fcnde el Esad; ter\u00f6re kar\u015f\u0131 sa\u011flanan zaferlerin, Suriye&#8217;de d\u0131\u015f g\u00fc\u00e7lere tabi ter\u00f6r \u00f6rg\u00fctleri y\u0131k\u0131p sabote ettiklerini yeniden yap\u0131land\u0131rma ortam\u0131 yaratt\u0131\u011f\u0131na dikkat \u00e7ekerken, bunun Suriye ve Rusya aras\u0131nda yeni yat\u0131r\u0131m ve i\u015fbirli\u011fi projeleri ufuklar\u0131n\u0131 geni\u015fletti\u011fini belirtti.\u200f<\/p>\n","protected":false},"excerpt":{"rendered":"<p>Rus heyeti kabul\u00fcnde el Esad; ter\u00f6re kar\u015f\u0131 sa\u011flanan zaferlerin, Suriye&#8217;de d\u0131\u015f g\u00fc\u00e7lere tabi ter\u00f6r \u00f6rg\u00fctleri y\u0131k\u0131p sabote ettiklerini yeniden yap\u0131land\u0131rma ortam\u0131 yaratt\u0131\u011f\u0131na dikkat \u00e7ekerken, bunun Suriye ve Rusya aras\u0131nda yeni yat\u0131r\u0131m ve i\u015fbirli\u011fi projeleri ufuklar\u0131n\u0131 geni\u015fletti\u011fini belirtti.\u200f<\/p>\n","protected":false},"author":1,"featured_media":0,"comment_status":"closed","ping_status":"closed","sticky":false,"template":"","format":"standard","meta":{"footnotes":""},"categories":[17991],"tags":[],"class_list":["post-132543","post","type-post","status-publish","format-standard","","category-son-dakika"],"_links":{"self":[{"href":"https:\/\/archive.sana.sy\/tr\/index.php?rest_route=\/wp\/v2\/posts\/132543","targetHints":{"allow":["GET"]}}],"collection":[{"href":"https:\/\/archive.sana.sy\/tr\/index.php?rest_route=\/wp\/v2\/posts"}],"about":[{"href":"https:\/\/archive.sana.sy\/tr\/index.php?rest_route=\/wp\/v2\/types\/post"}],"author":[{"embeddable":true,"href":"https:\/\/archive.sana.sy\/tr\/index.php?rest_route=\/wp\/v2\/users\/1"}],"replies":[{"embeddable":true,"href":"https:\/\/archive.sana.sy\/tr\/index.php?rest_route=%2Fwp%2Fv2%2Fcomments&post=132543"}],"version-history":[{"count":0,"href":"https:\/\/archive.sana.sy\/tr\/index.php?rest_route=\/wp\/v2\/posts\/132543\/revisions"}],"wp:attachment":[{"href":"https:\/\/archive.sana.sy\/tr\/index.php?rest_route=%2Fwp%2Fv2%2Fmedia&parent=132543"}],"wp:term":[{"taxonomy":"category","embeddable":true,"href":"https:\/\/archive.sana.sy\/tr\/index.php?rest_route=%2Fwp%2Fv2%2Fcategories&post=132543"},{"taxonomy":"post_tag","embeddable":true,"href":"https:\/\/archive.sana.sy\/tr\/index.php?rest_route=%2Fwp%2Fv2%2Ftags&post=132543"}],"curies":[{"name":"wp","href":"https:\/\/api.w.org\/{rel}","templated":true}]}}