{"id":132723,"date":"2017-12-20T13:45:29","date_gmt":"2017-12-20T11:45:29","guid":{"rendered":"https:\/\/www.sana.sy\/tr\/?p=132723"},"modified":"2017-12-21T09:45:03","modified_gmt":"2017-12-21T07:45:03","slug":"suriyeli-anne-modelini-somutlastiriyor","status":"publish","type":"post","link":"https:\/\/archive.sana.sy\/tr\/?p=132723","title":{"rendered":"Suriyeli Anne Modelini Somutla\u015ft\u0131r\u0131yor"},"content":{"rendered":"<p>\u015eAM \u2013 Suriye ve halk\u0131na d\u00fc\u015fman d\u0131\u015f g\u00fc\u00e7lerin edat olarak kulland\u0131klar\u0131 ter\u00f6re kar\u015f\u0131 sava\u015fta 5 yi\u011fit \u00e7ocu\u011funu vatan u\u011fruna \u015fehit veren 70 ya\u015flar\u0131ndaki Diya el Hamvi; Suriyeli kad\u0131nlar\u0131n ve annelerin onurlu modelini somutla\u015ft\u0131r\u0131yor.<img loading=\"lazy\" decoding=\"async\" class=\"alignright wp-image-132728 size-medium\" src=\"https:\/\/www.sana.sy\/tr\/wp-content\/uploads\/2017\/12\/2-72-214x300.jpg\" alt=\"\" width=\"214\" height=\"300\" srcset=\"https:\/\/archive.sana.sy\/tr\/wp-content\/uploads\/2017\/12\/2-72-214x300.jpg 214w, https:\/\/archive.sana.sy\/tr\/wp-content\/uploads\/2017\/12\/2-72-107x150.jpg 107w, https:\/\/archive.sana.sy\/tr\/wp-content\/uploads\/2017\/12\/2-72.jpg 400w\" sizes=\"auto, (max-width: 214px) 100vw, 214px\" \/><\/p>\n<p>Um el Favz el Hirk lakab\u0131yla bilinen \u015fehit annesi Hamvi; ya\u015fad\u0131\u011f\u0131 Hama k\u0131rsal\u0131 Tel el Dera B\u00f6lgesinde \u2018T\u00fcm \u015eehitlerin Annesi\u2019 ad\u0131yla da biliniyor.<\/p>\n<p>\u015eehitlerin annesi Hamvi vatan\u0131n onur ve \u015feref oldu\u011funu, bunlar\u0131n kaybedilmesi halinde ya\u015fam\u0131n bir anlam\u0131 kalmayaca\u011f\u0131n\u0131 vurgulad\u0131. Be\u015f \u00e7ocu\u011funun Suriye&#8217;yi vatan ve halk olarak hedef alan ter\u00f6r ve destek\u00e7ilerine kar\u015f\u0131 vatan\u0131n muhtelif b\u00f6lgelerinde sava\u015f\u0131rlarken \u015fehit d\u00fc\u015ft\u00fcklerine i\u015faret eden \u015fehitlerin annesi; 25 torununu ge\u00e7indirme sorumlulu\u011funu \u00fcstlendi\u011fini kaydetti.<\/p>\n<p>Hama Valisi Muhammed el Hazzuri ile g\u00f6r\u00fc\u015fmesinde \u015fehitlerin annesi \u015fehit ailelerine daimi bir gelir kayna\u011f\u0131 temin edecek \u00fcretim projelerine destek ama\u00e7l\u0131 bir dayan\u0131\u015fma cemiyetleri ve kurumlar\u0131 kurulmas\u0131 \u00e7a\u011fr\u0131s\u0131nda bulundu.<\/p>\n<p><img loading=\"lazy\" decoding=\"async\" class=\"alignright wp-image-132729 size-medium\" src=\"https:\/\/www.sana.sy\/tr\/wp-content\/uploads\/2017\/12\/3-49-300x193.jpg\" alt=\"\" width=\"300\" height=\"193\" srcset=\"https:\/\/archive.sana.sy\/tr\/wp-content\/uploads\/2017\/12\/3-49-300x193.jpg 300w, https:\/\/archive.sana.sy\/tr\/wp-content\/uploads\/2017\/12\/3-49-150x96.jpg 150w, https:\/\/archive.sana.sy\/tr\/wp-content\/uploads\/2017\/12\/3-49.jpg 660w\" sizes=\"auto, (max-width: 300px) 100vw, 300px\" \/><\/p>\n<p>\u015eehitlerin annesi alt\u0131nc\u0131 o\u011flunun ya\u015fad\u0131\u011f\u0131 beldede bir terzi at\u00f6lyesi \u00e7al\u0131\u015ft\u0131rd\u0131\u011f\u0131n\u0131 ve bu at\u00f6lyeden sa\u011flanan geliri beldedeki t\u00fcm \u015fehit aileleriyle payla\u015ft\u0131\u011f\u0131na dikkat \u00e7ekerken, at\u00f6lyenin geli\u015ftirilmesi i\u00e7in valilikten maddi destek sa\u011flamas\u0131n\u0131 istedi.<\/p>\n<p>Vali Hazzuri devletin ve valili\u011fin \u015fehit ailelerine destekte hi\u00e7bir \u00e7abay\u0131 esirgemeyece\u011finin alt\u0131n\u0131 \u00e7izerken; bu onurlu ailelerin ya\u015fam ko\u015fullar\u0131n\u0131 iyile\u015ftirecek her t\u00fcrl\u00fc giri\u015fim ve \u00f6neriye de a\u00e7\u0131k oldu\u011funu belirtti.<\/p>\n","protected":false},"excerpt":{"rendered":"<p>\u015eAM \u2013 Suriye ve halk\u0131na d\u00fc\u015fman d\u0131\u015f g\u00fc\u00e7lerin edat olarak kulland\u0131klar\u0131 ter\u00f6re kar\u015f\u0131 sava\u015fta 5 yi\u011fit \u00e7ocu\u011funu vatan u\u011fruna \u015fehit veren 70 ya\u015flar\u0131ndaki Diya el Hamvi; Suriyeli kad\u0131nlar\u0131n ve annelerin onurlu modelini somutla\u015ft\u0131r\u0131yor. Um el Favz el Hirk lakab\u0131yla bilinen \u015fehit annesi Hamvi; ya\u015fad\u0131\u011f\u0131 Hama k\u0131rsal\u0131 Tel el Dera B\u00f6lgesinde \u2018T\u00fcm \u015eehitlerin Annesi\u2019 ad\u0131yla da &hellip;<\/p>\n","protected":false},"author":1,"featured_media":132727,"comment_status":"closed","ping_status":"closed","sticky":false,"template":"","format":"standard","meta":{"footnotes":""},"categories":[526,479,541,17988,525,538,478],"tags":[2492,20556,33956,16591,33955,33954,22181],"class_list":["post-132723","post","type-post","status-publish","format-standard","has-post-thumbnail","","category-haber-ve-raporlar","category-haberler-yerel","category-haberler","category-son-haberler","category-toplum","category-yasam","category-yerel","tag-hama","tag-hama-valisi","tag-sehit-annesi","tag-suriye","tag-suriyeli-anneler","tag-suriyeli-kadinlar","tag-suriyeliler"],"_links":{"self":[{"href":"https:\/\/archive.sana.sy\/tr\/index.php?rest_route=\/wp\/v2\/posts\/132723","targetHints":{"allow":["GET"]}}],"collection":[{"href":"https:\/\/archive.sana.sy\/tr\/index.php?rest_route=\/wp\/v2\/posts"}],"about":[{"href":"https:\/\/archive.sana.sy\/tr\/index.php?rest_route=\/wp\/v2\/types\/post"}],"author":[{"embeddable":true,"href":"https:\/\/archive.sana.sy\/tr\/index.php?rest_route=\/wp\/v2\/users\/1"}],"replies":[{"embeddable":true,"href":"https:\/\/archive.sana.sy\/tr\/index.php?rest_route=%2Fwp%2Fv2%2Fcomments&post=132723"}],"version-history":[{"count":0,"href":"https:\/\/archive.sana.sy\/tr\/index.php?rest_route=\/wp\/v2\/posts\/132723\/revisions"}],"wp:featuredmedia":[{"embeddable":true,"href":"https:\/\/archive.sana.sy\/tr\/index.php?rest_route=\/wp\/v2\/media\/132727"}],"wp:attachment":[{"href":"https:\/\/archive.sana.sy\/tr\/index.php?rest_route=%2Fwp%2Fv2%2Fmedia&parent=132723"}],"wp:term":[{"taxonomy":"category","embeddable":true,"href":"https:\/\/archive.sana.sy\/tr\/index.php?rest_route=%2Fwp%2Fv2%2Fcategories&post=132723"},{"taxonomy":"post_tag","embeddable":true,"href":"https:\/\/archive.sana.sy\/tr\/index.php?rest_route=%2Fwp%2Fv2%2Ftags&post=132723"}],"curies":[{"name":"wp","href":"https:\/\/api.w.org\/{rel}","templated":true}]}}