{"id":13285,"date":"2014-10-19T13:31:44","date_gmt":"2014-10-19T10:31:44","guid":{"rendered":"http:\/\/www.sana.sy\/tr\/?p=13285"},"modified":"2014-10-19T13:31:44","modified_gmt":"2014-10-19T10:31:44","slug":"isid-ayn-arapta-uluslararasinca-yasak-bombalar-kullaniyor","status":"publish","type":"post","link":"https:\/\/archive.sana.sy\/tr\/?p=13285","title":{"rendered":"I\u015e\u0130D Ayn Arap\u2019ta Uluslararas\u0131nca Yasak Bombalar Kullan\u0131yor"},"content":{"rendered":"<p>HALEP \u2013 Halep k\u0131rsal\u0131n\u0131n Ayn Arap Kasabas\u0131na giren Rus RT Televizyonu I\u015e\u0130D ter\u00f6r\u00fcne maruz kalan kent ahalisinin aralar\u0131nda fosfor bombalar\u0131n\u0131n bulundu\u011fu uluslararas\u0131nca yasaklanm\u0131\u015f bombalara maruz kald\u0131klar\u0131n\u0131 kan\u0131tlayan g\u00f6r\u00fcnt\u00fcler yay\u0131nlad\u0131.<\/p>\n<p>RT muhabiri Ayn Arap ahalisinin I\u015e\u0130D taraf\u0131ndan uluslararas\u0131nca yasaklanm\u0131\u015f bombalara maruz kald\u0131klar\u0131n\u0131 g\u00f6r\u00fcnt\u00fc ve yerel ifadelerle belgelerken, fosfor bombalar\u0131n\u0131n etkilerinin masum sivil insanlar\u0131n v\u00fccutlar\u0131 \u00fczerinde bariz oldu\u011funu aktard\u0131.<\/p>\n<p>Yerel kaynaklardan naklen RT muhabiri, Erdo\u011fan rejimi destekli I\u015e\u0130D\u2019in Ayn Arap\u2019ta masum insanlar\u0131 vah\u015fice infaz ettiklerini, sivil yerle\u015fim alanlar\u0131n\u0131 uluslararas\u0131nca yasaklanm\u0131\u015f bombalarla bombalad\u0131\u011f\u0131n\u0131 ve toplu katliamlar ger\u00e7ekle\u015ftirdi\u011fini aktard\u0131.<\/p>\n<p>RT muhabiri I\u015e\u0130D\u2019in aleni olarak i\u015fledi\u011fi sava\u015f su\u00e7lar\u0131na i\u015faret ederken, medyan\u0131n hen\u00fcz ula\u015fmad\u0131\u011f\u0131 ve gizliden i\u015flenen vah\u015fetlerin \u00e7ok daha \u00e7irkef oldu\u011funa dikkat \u00e7ekti.<\/p>\n<p>Bu arada T\u00fcrkiye&#8217;de Erdo\u011fan rejimi taraf\u0131ndan b\u00fcy\u00fck destek alan ve kenti eline ge\u00e7irmek i\u00e7in \u00f6l\u00fcm\u00fcne \u00e7at\u0131\u015fan I\u015e\u0130D tekfircileri Ayn Arap ahalisi taraf\u0131ndan b\u00fcy\u00fck bir yenilgiyle kent s\u0131n\u0131rlar\u0131 \u00f6tesine p\u00fcsk\u00fcrt\u00fcld\u00fcler.<\/p>\n<div id='gallery-1' class='gallery galleryid-13285 gallery-columns-2 gallery-size-thumbnail'><figure class='gallery-item'>\n\t\t\t<div class='gallery-icon landscape'>\n\t\t\t\t<a href='https:\/\/archive.sana.sy\/tr\/wp-content\/uploads\/2014\/10\/I\u015e\u0130D-2.jpg'><img loading=\"lazy\" decoding=\"async\" width=\"150\" height=\"84\" src=\"https:\/\/archive.sana.sy\/tr\/wp-content\/uploads\/2014\/10\/I\u015e\u0130D-2-150x84.jpg\" class=\"attachment-thumbnail size-thumbnail\" alt=\"\" srcset=\"https:\/\/archive.sana.sy\/tr\/wp-content\/uploads\/2014\/10\/I\u015e\u0130D-2-150x84.jpg 150w, https:\/\/archive.sana.sy\/tr\/wp-content\/uploads\/2014\/10\/I\u015e\u0130D-2-300x168.jpg 300w, https:\/\/archive.sana.sy\/tr\/wp-content\/uploads\/2014\/10\/I\u015e\u0130D-2.jpg 640w\" sizes=\"auto, (max-width: 150px) 100vw, 150px\" \/><\/a>\n\t\t\t<\/div><\/figure><figure class='gallery-item'>\n\t\t\t<div class='gallery-icon landscape'>\n\t\t\t\t<a href='https:\/\/archive.sana.sy\/tr\/wp-content\/uploads\/2014\/10\/I\u015e\u0130D-3.jpg'><img loading=\"lazy\" decoding=\"async\" width=\"150\" height=\"84\" src=\"https:\/\/archive.sana.sy\/tr\/wp-content\/uploads\/2014\/10\/I\u015e\u0130D-3-150x84.jpg\" class=\"attachment-thumbnail size-thumbnail\" alt=\"\" srcset=\"https:\/\/archive.sana.sy\/tr\/wp-content\/uploads\/2014\/10\/I\u015e\u0130D-3-150x84.jpg 150w, https:\/\/archive.sana.sy\/tr\/wp-content\/uploads\/2014\/10\/I\u015e\u0130D-3-300x168.jpg 300w, https:\/\/archive.sana.sy\/tr\/wp-content\/uploads\/2014\/10\/I\u015e\u0130D-3.jpg 640w\" sizes=\"auto, (max-width: 150px) 100vw, 150px\" \/><\/a>\n\t\t\t<\/div><\/figure>\n\t\t<\/div>\n\n","protected":false},"excerpt":{"rendered":"<p>HALEP \u2013 Halep k\u0131rsal\u0131n\u0131n Ayn Arap Kasabas\u0131na giren Rus RT Televizyonu I\u015e\u0130D ter\u00f6r\u00fcne maruz kalan kent ahalisinin aralar\u0131nda fosfor bombalar\u0131n\u0131n bulundu\u011fu uluslararas\u0131nca yasaklanm\u0131\u015f bombalara maruz kald\u0131klar\u0131n\u0131 kan\u0131tlayan g\u00f6r\u00fcnt\u00fcler yay\u0131nlad\u0131. RT muhabiri Ayn Arap ahalisinin I\u015e\u0130D taraf\u0131ndan uluslararas\u0131nca yasaklanm\u0131\u015f bombalara maruz kald\u0131klar\u0131n\u0131 g\u00f6r\u00fcnt\u00fc ve yerel ifadelerle belgelerken, fosfor bombalar\u0131n\u0131n etkilerinin masum sivil insanlar\u0131n v\u00fccutlar\u0131 \u00fczerinde bariz &hellip;<\/p>\n","protected":false},"author":1,"featured_media":13286,"comment_status":"closed","ping_status":"closed","sticky":false,"template":"","format":"standard","meta":{"footnotes":""},"categories":[575,447],"tags":[3822,3821,3820,3824,3823],"class_list":["post-13285","post","type-post","status-publish","format-standard","has-post-thumbnail","","category-olaylar-ve-gercekler","category-politika","tag-erdogan-rejimi-destekli-isidin-ayn-arapta-masum-insanlari-vahsice-infaz-ettiklerini","tag-fosfor-bombalarinin-etkilerinin-masum-sivil-insanlarin-vucutlari-uzerinde-bariz-oldugunu-aktardi-yerel-kaynaklardan-naklen-rt-muhabiri","tag-isid-ayn-arapta-uluslararasinca-yasak-bombalar-kullaniyor-halep-halep-kirsalinin-ayn-arap-kasabasina-giren-rus-rt-televizyonu-isid-terorune-maruz-kalan-kent-ahalisinin-aralarinda-fo","tag-medyanin-henuz-ulasmadigi-ve-gizliden-islenen-vahsetlerin-cok-daha-cirkef-olduguna-dikkat-cekti-bu-arada-turkiyede-erdogan-rejimi-tarafindan-buyuk-destek-alan-ve-kenti-eline-gecirmek-icin-olumune-ca","tag-sivil-yerlesim-alanlarini-uluslararasinca-yasaklanmis-bombalarla-bombaladigini-ve-toplu-katliamlar-gerceklestirdigini-aktardi-rt-muhabiri-isidin-aleni-olarak-isledigi-savas-suclarina-isaret"],"_links":{"self":[{"href":"https:\/\/archive.sana.sy\/tr\/index.php?rest_route=\/wp\/v2\/posts\/13285","targetHints":{"allow":["GET"]}}],"collection":[{"href":"https:\/\/archive.sana.sy\/tr\/index.php?rest_route=\/wp\/v2\/posts"}],"about":[{"href":"https:\/\/archive.sana.sy\/tr\/index.php?rest_route=\/wp\/v2\/types\/post"}],"author":[{"embeddable":true,"href":"https:\/\/archive.sana.sy\/tr\/index.php?rest_route=\/wp\/v2\/users\/1"}],"replies":[{"embeddable":true,"href":"https:\/\/archive.sana.sy\/tr\/index.php?rest_route=%2Fwp%2Fv2%2Fcomments&post=13285"}],"version-history":[{"count":0,"href":"https:\/\/archive.sana.sy\/tr\/index.php?rest_route=\/wp\/v2\/posts\/13285\/revisions"}],"wp:featuredmedia":[{"embeddable":true,"href":"https:\/\/archive.sana.sy\/tr\/index.php?rest_route=\/wp\/v2\/media\/13286"}],"wp:attachment":[{"href":"https:\/\/archive.sana.sy\/tr\/index.php?rest_route=%2Fwp%2Fv2%2Fmedia&parent=13285"}],"wp:term":[{"taxonomy":"category","embeddable":true,"href":"https:\/\/archive.sana.sy\/tr\/index.php?rest_route=%2Fwp%2Fv2%2Fcategories&post=13285"},{"taxonomy":"post_tag","embeddable":true,"href":"https:\/\/archive.sana.sy\/tr\/index.php?rest_route=%2Fwp%2Fv2%2Ftags&post=13285"}],"curies":[{"name":"wp","href":"https:\/\/api.w.org\/{rel}","templated":true}]}}