{"id":133209,"date":"2017-12-24T11:48:42","date_gmt":"2017-12-24T09:48:42","guid":{"rendered":"https:\/\/www.sana.sy\/tr\/?p=133209"},"modified":"2017-12-27T09:46:52","modified_gmt":"2017-12-27T07:46:52","slug":"rasid-fifaya-mesajimiz-var","status":"publish","type":"post","link":"https:\/\/archive.sana.sy\/tr\/?p=133209","title":{"rendered":"Ra\u015fid: FIFA\u2019ya Mesaj\u0131m\u0131z Var"},"content":{"rendered":"<p>\u015eAM \u2013 Suriye Olimpik Komitesi Ba\u015fkan\u0131 ve Spor Federasyonu Ba\u015fkan\u0131 Muvaffak Cuma, Arap Spor Medyas\u0131 Forumuna kat\u0131lan Arap bas\u0131n heyeti ile bir araya geldi.<\/p>\n<p><img loading=\"lazy\" decoding=\"async\" class=\"alignright wp-image-133211 size-medium\" src=\"https:\/\/www.sana.sy\/tr\/wp-content\/uploads\/2017\/12\/heyet.jpg-1-300x168.jpg\" alt=\"\" width=\"300\" height=\"168\" srcset=\"https:\/\/archive.sana.sy\/tr\/wp-content\/uploads\/2017\/12\/heyet.jpg-1-300x168.jpg 300w, https:\/\/archive.sana.sy\/tr\/wp-content\/uploads\/2017\/12\/heyet.jpg-1-150x84.jpg 150w, https:\/\/archive.sana.sy\/tr\/wp-content\/uploads\/2017\/12\/heyet.jpg-1.jpg 660w\" sizes=\"auto, (max-width: 300px) 100vw, 300px\" \/><\/p>\n<p>Cuma g\u00f6r\u00fc\u015fmede sporun bar\u0131\u015f, sevgi ve k\u00fclt\u00fcr mesaj\u0131 oldu\u011funa dikkat \u00e7ekerken, Suriye&#8217;de sporun herkesi bir araya getiren ve birle\u015ftiren ulusal bir olgu haline geldi\u011fini belirtti.<\/p>\n<p>Konuk heyetin Suriye ziyaretinde g\u00f6rd\u00fc\u011f\u00fc ger\u00e7ekleri \u00fclkelerine, kamuoylar\u0131na ve ba\u011fl\u0131 olduklar\u0131 kuruma aktarmalar\u0131 \u00f6nemine dikkat \u00e7eken Cuma; Suriye&#8217;de sporun t\u00fcm bu sava\u015f ko\u015fullar\u0131na ra\u011fmen uluslar aras\u0131 d\u00fczeyde \u00fcst\u00fcn ba\u015far\u0131lar kaydetmeyi ba\u015fard\u0131\u011f\u0131n\u0131 ifade etti.<\/p>\n<p><a href=\"https:\/\/www.sana.sy\/tr\/wp-content\/uploads\/2017\/12\/heyet.jpg\"><img loading=\"lazy\" decoding=\"async\" class=\"alignright wp-image-133212 size-medium\" src=\"https:\/\/www.sana.sy\/tr\/wp-content\/uploads\/2017\/12\/heyet-300x150.jpg\" alt=\"\" width=\"300\" height=\"150\" srcset=\"https:\/\/archive.sana.sy\/tr\/wp-content\/uploads\/2017\/12\/heyet-300x150.jpg 300w, https:\/\/archive.sana.sy\/tr\/wp-content\/uploads\/2017\/12\/heyet-150x75.jpg 150w, https:\/\/archive.sana.sy\/tr\/wp-content\/uploads\/2017\/12\/heyet.jpg 660w\" sizes=\"auto, (max-width: 300px) 100vw, 300px\" \/><\/a>Konuk heyet ba\u015fkan\u0131 ve RM Ajans\u0131 Genel M\u00fcd\u00fcr\u00fc \u00dcrd\u00fcnl\u00fc Salih el Ra\u015fid; Suriye&#8217;ye ziyaret ve Arap Medya Forumuna kat\u0131lman\u0131n bir temel amac\u0131n D\u00fcnya Olimpiyat Komitesi ve Uluslararas\u0131 Futbol Federasyonu FIFA\u2019ya mesaj niteli\u011finde oldu\u011funu belirtti. Ra\u015fid Suriye tak\u0131mlar\u0131n\u0131n kendi sahalar\u0131nda oynamalar\u0131na izin verilmesi gere\u011finin alt\u0131n\u0131 \u00e7izerken FIFA\u2019y\u0131 buna izin vermeye davet etti.<\/p>\n<p>Asya Spor Gazetecili\u011fi Birli\u011fi eski ba\u015fkan\u0131 Bahreynli Muhammed Kas\u0131m; Suriye ile dayan\u0131\u015fma ama\u00e7l\u0131 bu ziyaretin devam\u0131 gelece\u011fini ve bundan sonra bir dizi faaliyette bulunacaklar\u0131n\u0131 ifade etti.<\/p>\n<p>Konuk heyet ba\u015fkent \u015eam\u2019\u0131n bir dizi spor tesisi ve kul\u00fcb\u00fcn\u00fc ziyaret ederek incelemelerde bulundu.<\/p>\n","protected":false},"excerpt":{"rendered":"<p>\u015eAM \u2013 Suriye Olimpik Komitesi Ba\u015fkan\u0131 ve Spor Federasyonu Ba\u015fkan\u0131 Muvaffak Cuma, Arap Spor Medyas\u0131 Forumuna kat\u0131lan Arap bas\u0131n heyeti ile bir araya geldi. Cuma g\u00f6r\u00fc\u015fmede sporun bar\u0131\u015f, sevgi ve k\u00fclt\u00fcr mesaj\u0131 oldu\u011funa dikkat \u00e7ekerken, Suriye&#8217;de sporun herkesi bir araya getiren ve birle\u015ftiren ulusal bir olgu haline geldi\u011fini belirtti. Konuk heyetin Suriye ziyaretinde g\u00f6rd\u00fc\u011f\u00fc ger\u00e7ekleri &hellip;<\/p>\n","protected":false},"author":1,"featured_media":133210,"comment_status":"closed","ping_status":"closed","sticky":false,"template":"","format":"standard","meta":{"footnotes":""},"categories":[479,17988,478],"tags":[34034,33582,28203,34033],"class_list":["post-133209","post","type-post","status-publish","format-standard","has-post-thumbnail","","category-haberler-yerel","category-son-haberler","category-yerel","tag-arap-spor-medyasi-forumuna","tag-fifa","tag-spor-federasyonu","tag-suriye-olimpik-komitesi"],"_links":{"self":[{"href":"https:\/\/archive.sana.sy\/tr\/index.php?rest_route=\/wp\/v2\/posts\/133209","targetHints":{"allow":["GET"]}}],"collection":[{"href":"https:\/\/archive.sana.sy\/tr\/index.php?rest_route=\/wp\/v2\/posts"}],"about":[{"href":"https:\/\/archive.sana.sy\/tr\/index.php?rest_route=\/wp\/v2\/types\/post"}],"author":[{"embeddable":true,"href":"https:\/\/archive.sana.sy\/tr\/index.php?rest_route=\/wp\/v2\/users\/1"}],"replies":[{"embeddable":true,"href":"https:\/\/archive.sana.sy\/tr\/index.php?rest_route=%2Fwp%2Fv2%2Fcomments&post=133209"}],"version-history":[{"count":0,"href":"https:\/\/archive.sana.sy\/tr\/index.php?rest_route=\/wp\/v2\/posts\/133209\/revisions"}],"wp:featuredmedia":[{"embeddable":true,"href":"https:\/\/archive.sana.sy\/tr\/index.php?rest_route=\/wp\/v2\/media\/133210"}],"wp:attachment":[{"href":"https:\/\/archive.sana.sy\/tr\/index.php?rest_route=%2Fwp%2Fv2%2Fmedia&parent=133209"}],"wp:term":[{"taxonomy":"category","embeddable":true,"href":"https:\/\/archive.sana.sy\/tr\/index.php?rest_route=%2Fwp%2Fv2%2Fcategories&post=133209"},{"taxonomy":"post_tag","embeddable":true,"href":"https:\/\/archive.sana.sy\/tr\/index.php?rest_route=%2Fwp%2Fv2%2Ftags&post=133209"}],"curies":[{"name":"wp","href":"https:\/\/api.w.org\/{rel}","templated":true}]}}