{"id":13338,"date":"2014-10-20T11:07:21","date_gmt":"2014-10-20T08:07:21","guid":{"rendered":"http:\/\/www.sana.sy\/tr\/?p=13338"},"modified":"2014-10-20T11:01:26","modified_gmt":"2014-10-20T08:01:26","slug":"sergey-lavrov-isid-teror-orgutunun-suriyedeki-mevkilerine-suriye-hukumetiyle-ittifaka-varmadan-bombardimanlar-duzenlemenin-bm-ilkelerine-aykiri-oldugunu-belirtti","status":"publish","type":"post","link":"https:\/\/archive.sana.sy\/tr\/?p=13338","title":{"rendered":"Sergey Lavrov, I\u015e\u0130D ter\u00f6r \u00f6rg\u00fct\u00fcn\u00fcn Suriye\u2019deki mevkilerine Suriye h\u00fck\u00fcmetiyle ittifaka varmadan bombard\u0131manlar d\u00fczenlemenin BM ilkelerine ayk\u0131r\u0131 oldu\u011funu belirtti."},"content":{"rendered":"<p>Sergey Lavrov, I\u015e\u0130D ter\u00f6r \u00f6rg\u00fct\u00fcn\u00fcn Suriye\u2019deki mevkilerine Suriye h\u00fck\u00fcmetiyle ittifaka varmadan bombard\u0131manlar d\u00fczenlemenin BM ilkelerine ayk\u0131r\u0131 oldu\u011funu belirtti.<\/p>\n","protected":false},"excerpt":{"rendered":"<p>Sergey Lavrov, I\u015e\u0130D ter\u00f6r \u00f6rg\u00fct\u00fcn\u00fcn Suriye\u2019deki mevkilerine Suriye h\u00fck\u00fcmetiyle ittifaka varmadan bombard\u0131manlar d\u00fczenlemenin BM ilkelerine ayk\u0131r\u0131 oldu\u011funu belirtti.<\/p>\n","protected":false},"author":1,"featured_media":0,"comment_status":"closed","ping_status":"closed","sticky":false,"template":"","format":"standard","meta":{"footnotes":""},"categories":[1],"tags":[3847,3846],"class_list":["post-13338","post","type-post","status-publish","format-standard","","category-news-not-sorted","tag-isid-teror-orgutunun-suriyedeki-mevkilerine-suriye-hukumetiyle-ittifaka-varmadan-bombardimanlar-duzenlemenin-bm-ilkelerine-aykiri-oldugunu-belirtti","tag-sergey-lavrov"],"_links":{"self":[{"href":"https:\/\/archive.sana.sy\/tr\/index.php?rest_route=\/wp\/v2\/posts\/13338","targetHints":{"allow":["GET"]}}],"collection":[{"href":"https:\/\/archive.sana.sy\/tr\/index.php?rest_route=\/wp\/v2\/posts"}],"about":[{"href":"https:\/\/archive.sana.sy\/tr\/index.php?rest_route=\/wp\/v2\/types\/post"}],"author":[{"embeddable":true,"href":"https:\/\/archive.sana.sy\/tr\/index.php?rest_route=\/wp\/v2\/users\/1"}],"replies":[{"embeddable":true,"href":"https:\/\/archive.sana.sy\/tr\/index.php?rest_route=%2Fwp%2Fv2%2Fcomments&post=13338"}],"version-history":[{"count":0,"href":"https:\/\/archive.sana.sy\/tr\/index.php?rest_route=\/wp\/v2\/posts\/13338\/revisions"}],"wp:attachment":[{"href":"https:\/\/archive.sana.sy\/tr\/index.php?rest_route=%2Fwp%2Fv2%2Fmedia&parent=13338"}],"wp:term":[{"taxonomy":"category","embeddable":true,"href":"https:\/\/archive.sana.sy\/tr\/index.php?rest_route=%2Fwp%2Fv2%2Fcategories&post=13338"},{"taxonomy":"post_tag","embeddable":true,"href":"https:\/\/archive.sana.sy\/tr\/index.php?rest_route=%2Fwp%2Fv2%2Ftags&post=13338"}],"curies":[{"name":"wp","href":"https:\/\/api.w.org\/{rel}","templated":true}]}}