{"id":133677,"date":"2017-12-28T15:19:38","date_gmt":"2017-12-28T13:19:38","guid":{"rendered":"https:\/\/www.sana.sy\/tr\/?p=133677"},"modified":"2017-12-29T10:42:37","modified_gmt":"2017-12-29T08:42:37","slug":"vali-patriklerle-gorustu-kamislida-da-saha-incelemelerinde-bulundu","status":"publish","type":"post","link":"https:\/\/archive.sana.sy\/tr\/?p=133677","title":{"rendered":"Vali Patriklerle G\u00f6r\u00fc\u015ft\u00fc, Kam\u0131\u015fl\u0131\u2019da da Saha \u0130ncelemelerinde Bulundu"},"content":{"rendered":"<p>HASEKE \u2013 Haseke Valisi Cayiz el Musa Suriye halk\u0131n\u0131n t\u00fcm bile\u015fenleri ve kesimleri aras\u0131nda ortak ya\u015fam\u0131n \u00f6nemini vurgularken, ortak ya\u015fam\u0131n Suriye&#8217;nin halk b\u00fct\u00fcnl\u00fc\u011f\u00fcn\u00fc hedef alan d\u0131\u015f planlara kar\u015f\u0131 m\u00fccadelede katk\u0131 ve gere\u011fine dikkat \u00e7ekti.<\/p>\n<p>Cezire ve F\u0131rat B\u00f6lgesinde Katolik Ermeniler Patri\u011fi Interanek Iwazian ve Ortodoks Patri\u011fi Robin Nalbandian kriz boyunca radikal ideolojinin yay\u0131lmas\u0131nda \u0130slam ve H\u0131ristiyan din adamlar\u0131n\u0131n oynad\u0131\u011f\u0131 birle\u015ftirici rol\u00fc \u00f6vd\u00fc.<\/p>\n<p>Patrikler Iwazian ve Nalbandian ise Suriye&#8217;nin ilk ve son vatanlar\u0131 oldu\u011funu, hi\u00e7bir ko\u015ful alt\u0131nda vatanlar\u0131ndan caymalar\u0131n\u0131n m\u00fcmk\u00fcn olmad\u0131\u011f\u0131n\u0131 ifade ettiler.<\/p>\n<p>Suriye&#8217;nin tarihi ve uygarl\u0131k zenginli\u011fine ek olarak ho\u015fg\u00f6r\u00fc ve ortak ya\u015fam\u0131n yurdu oldu\u011funa dikkat \u00e7eken iki patrik; Suriye&#8217;nin ordusu, halk\u0131 ve lideri ile korunup ter\u00f6r ve i\u015fverenlerine kar\u015f\u0131 \u015fanl\u0131 bir zafer kazanmas\u0131 i\u00e7in dua ettiler.<\/p>\n<p><span style=\"color: #0000ff\">Vali Kam\u0131\u015fl\u0131\u2019da \u0130ncelemelerde Bulundu<\/span><\/p>\n<p>Di\u011fer yandan Haseke Valisi Musa Kam\u0131\u015fl\u0131 Kentini ziyaret ederek hizmet durumlar\u0131n\u0131 inceledi. Musa ayn\u0131 zamanda Nur Suriye Hay\u0131r Cemiyetinin D\u00fcnya Sa\u011fl\u0131k \u00d6rg\u00fct\u00fc taraf\u0131ndan engelli vatanda\u015flar i\u00e7in temin edilen yard\u0131mlar\u0131n da\u011f\u0131t\u0131lmas\u0131 \u00e7al\u0131\u015fmalar\u0131n\u0131 da inceledi.<\/p>\n<div id='gallery-1' class='gallery galleryid-133677 gallery-columns-2 gallery-size-medium'><figure class='gallery-item'>\n\t\t\t<div class='gallery-icon landscape'>\n\t\t\t\t<a href='https:\/\/archive.sana.sy\/tr\/wp-content\/uploads\/2017\/12\/3-72.jpg'><img loading=\"lazy\" decoding=\"async\" width=\"300\" height=\"225\" src=\"https:\/\/archive.sana.sy\/tr\/wp-content\/uploads\/2017\/12\/3-72-300x225.jpg\" class=\"attachment-medium size-medium\" alt=\"\" srcset=\"https:\/\/archive.sana.sy\/tr\/wp-content\/uploads\/2017\/12\/3-72-300x225.jpg 300w, https:\/\/archive.sana.sy\/tr\/wp-content\/uploads\/2017\/12\/3-72-150x113.jpg 150w, https:\/\/archive.sana.sy\/tr\/wp-content\/uploads\/2017\/12\/3-72.jpg 660w\" sizes=\"auto, (max-width: 300px) 100vw, 300px\" \/><\/a>\n\t\t\t<\/div><\/figure><figure class='gallery-item'>\n\t\t\t<div class='gallery-icon landscape'>\n\t\t\t\t<a href='https:\/\/archive.sana.sy\/tr\/wp-content\/uploads\/2017\/12\/4-37.jpg'><img loading=\"lazy\" decoding=\"async\" width=\"300\" height=\"225\" src=\"https:\/\/archive.sana.sy\/tr\/wp-content\/uploads\/2017\/12\/4-37-300x225.jpg\" class=\"attachment-medium size-medium\" alt=\"\" srcset=\"https:\/\/archive.sana.sy\/tr\/wp-content\/uploads\/2017\/12\/4-37-300x225.jpg 300w, https:\/\/archive.sana.sy\/tr\/wp-content\/uploads\/2017\/12\/4-37-150x113.jpg 150w, https:\/\/archive.sana.sy\/tr\/wp-content\/uploads\/2017\/12\/4-37.jpg 660w\" sizes=\"auto, (max-width: 300px) 100vw, 300px\" \/><\/a>\n\t\t\t<\/div><\/figure>\n\t\t<\/div>\n\n","protected":false},"excerpt":{"rendered":"<p>HASEKE \u2013 Haseke Valisi Cayiz el Musa Suriye halk\u0131n\u0131n t\u00fcm bile\u015fenleri ve kesimleri aras\u0131nda ortak ya\u015fam\u0131n \u00f6nemini vurgularken, ortak ya\u015fam\u0131n Suriye&#8217;nin halk b\u00fct\u00fcnl\u00fc\u011f\u00fcn\u00fc hedef alan d\u0131\u015f planlara kar\u015f\u0131 m\u00fccadelede katk\u0131 ve gere\u011fine dikkat \u00e7ekti. Cezire ve F\u0131rat B\u00f6lgesinde Katolik Ermeniler Patri\u011fi Interanek Iwazian ve Ortodoks Patri\u011fi Robin Nalbandian kriz boyunca radikal ideolojinin yay\u0131lmas\u0131nda \u0130slam ve &hellip;<\/p>\n","protected":false},"author":1,"featured_media":133678,"comment_status":"closed","ping_status":"closed","sticky":false,"template":"","format":"standard","meta":{"footnotes":""},"categories":[526,479,541,17988,525,538,478],"tags":[32342,1140,20161,19954,34084,34083],"class_list":["post-133677","post","type-post","status-publish","format-standard","has-post-thumbnail","","category-haber-ve-raporlar","category-haberler-yerel","category-haberler","category-son-haberler","category-toplum","category-yasam","category-yerel","tag-caiz-el-musa","tag-haseke","tag-haseke-valisi","tag-kamisli","tag-katolik-ermeniler","tag-ortodoks-ermeniler"],"_links":{"self":[{"href":"https:\/\/archive.sana.sy\/tr\/index.php?rest_route=\/wp\/v2\/posts\/133677","targetHints":{"allow":["GET"]}}],"collection":[{"href":"https:\/\/archive.sana.sy\/tr\/index.php?rest_route=\/wp\/v2\/posts"}],"about":[{"href":"https:\/\/archive.sana.sy\/tr\/index.php?rest_route=\/wp\/v2\/types\/post"}],"author":[{"embeddable":true,"href":"https:\/\/archive.sana.sy\/tr\/index.php?rest_route=\/wp\/v2\/users\/1"}],"replies":[{"embeddable":true,"href":"https:\/\/archive.sana.sy\/tr\/index.php?rest_route=%2Fwp%2Fv2%2Fcomments&post=133677"}],"version-history":[{"count":0,"href":"https:\/\/archive.sana.sy\/tr\/index.php?rest_route=\/wp\/v2\/posts\/133677\/revisions"}],"wp:featuredmedia":[{"embeddable":true,"href":"https:\/\/archive.sana.sy\/tr\/index.php?rest_route=\/wp\/v2\/media\/133678"}],"wp:attachment":[{"href":"https:\/\/archive.sana.sy\/tr\/index.php?rest_route=%2Fwp%2Fv2%2Fmedia&parent=133677"}],"wp:term":[{"taxonomy":"category","embeddable":true,"href":"https:\/\/archive.sana.sy\/tr\/index.php?rest_route=%2Fwp%2Fv2%2Fcategories&post=133677"},{"taxonomy":"post_tag","embeddable":true,"href":"https:\/\/archive.sana.sy\/tr\/index.php?rest_route=%2Fwp%2Fv2%2Ftags&post=133677"}],"curies":[{"name":"wp","href":"https:\/\/api.w.org\/{rel}","templated":true}]}}