{"id":133995,"date":"2017-12-31T16:00:03","date_gmt":"2017-12-31T14:00:03","guid":{"rendered":"https:\/\/www.sana.sy\/tr\/?p=133995"},"modified":"2018-01-03T12:20:17","modified_gmt":"2018-01-03T10:20:17","slug":"proje-tum-illerde-uygulanacak","status":"publish","type":"post","link":"https:\/\/archive.sana.sy\/tr\/?p=133995","title":{"rendered":"Proje T\u00fcm \u0130llerde Uygulanacak"},"content":{"rendered":"<p>HALEP \u2013 \u00c7al\u0131\u015fma ve \u0130\u015fletme Merkezinin Birle\u015fmi\u015f Milletler N\u00fcfus Fonu i\u015fbirli\u011fi ile Halep\u2019te deneme ama\u00e7l\u0131 olarak ba\u015flatt\u0131\u011f\u0131 3 ayl\u0131k \u201c Herkes \u0130\u00e7in E\u011fitim\u201d projesi bug\u00fcn sona erdi.<\/p>\n<p>\u00c7al\u0131\u015fma ve \u0130\u015fletme Merkezinde Proje M\u00fcd\u00fcr\u00fc Muhammed \u015eabarik, Halep ve \u015eam k\u0131rsal\u0131nda ba\u015flat\u0131lan bu projenin \u00f6\u011fretmenlerin mesleki yeteneklerini peki\u015ftirmek ve onlara \u00e7ocuk e\u011fitiminde daha aktif olma konusunda dene\u011fim kazand\u0131rmay\u0131 ama\u00e7lad\u0131\u011f\u0131n\u0131 s\u00f6yledi.<\/p>\n<p>\u015eabarik, \u00fc\u00e7 ayl\u0131k e\u011fitim projesinde 6 gruptan olu\u015fan 136 \u00f6\u011fretmenin e\u011fitildi\u011fine dikkat \u00e7ekti.<\/p>\n<p>Projenin, etkile\u015fimli e\u011fitim ve ya\u015fam becerileri ve di\u011fer konular \u00fczerine kuramsal dersler ve pratik uygulamalar i\u00e7erdi\u011fini belirten \u015eebarik; projenin kapsaml\u0131 bir de\u011ferlendirmesinin y\u00fcr\u00fct\u00fclece\u011fini kaydetti. \u015eabarik, projenin \u00f6n\u00fcm\u00fczdeki s\u00fcre\u00e7 i\u00e7inde t\u00fcm illerde genelle\u015ftirilece\u011fini s\u00f6zlerine ekledi.<\/p>\n<p>K.\u00d6.<\/p>\n<div id='gallery-1' class='gallery galleryid-133995 gallery-columns-2 gallery-size-thumbnail'><figure class='gallery-item'>\n\t\t\t<div class='gallery-icon landscape'>\n\t\t\t\t<a href='https:\/\/archive.sana.sy\/tr\/wp-content\/uploads\/2017\/12\/\u00f6\u011fretmenler-3.jpg'><img loading=\"lazy\" decoding=\"async\" width=\"150\" height=\"75\" src=\"https:\/\/archive.sana.sy\/tr\/wp-content\/uploads\/2017\/12\/\u00f6\u011fretmenler-3-150x75.jpg\" class=\"attachment-thumbnail size-thumbnail\" alt=\"\" srcset=\"https:\/\/archive.sana.sy\/tr\/wp-content\/uploads\/2017\/12\/\u00f6\u011fretmenler-3-150x75.jpg 150w, https:\/\/archive.sana.sy\/tr\/wp-content\/uploads\/2017\/12\/\u00f6\u011fretmenler-3-300x150.jpg 300w, https:\/\/archive.sana.sy\/tr\/wp-content\/uploads\/2017\/12\/\u00f6\u011fretmenler-3.jpg 660w\" sizes=\"auto, (max-width: 150px) 100vw, 150px\" \/><\/a>\n\t\t\t<\/div><\/figure><figure class='gallery-item'>\n\t\t\t<div class='gallery-icon landscape'>\n\t\t\t\t<a href='https:\/\/archive.sana.sy\/tr\/wp-content\/uploads\/2017\/12\/\u00f6\u011fretmenler-2.jpg'><img loading=\"lazy\" decoding=\"async\" width=\"150\" height=\"100\" src=\"https:\/\/archive.sana.sy\/tr\/wp-content\/uploads\/2017\/12\/\u00f6\u011fretmenler-2-150x100.jpg\" class=\"attachment-thumbnail size-thumbnail\" alt=\"\" srcset=\"https:\/\/archive.sana.sy\/tr\/wp-content\/uploads\/2017\/12\/\u00f6\u011fretmenler-2-150x100.jpg 150w, https:\/\/archive.sana.sy\/tr\/wp-content\/uploads\/2017\/12\/\u00f6\u011fretmenler-2-300x200.jpg 300w, https:\/\/archive.sana.sy\/tr\/wp-content\/uploads\/2017\/12\/\u00f6\u011fretmenler-2-768x512.jpg 768w, https:\/\/archive.sana.sy\/tr\/wp-content\/uploads\/2017\/12\/\u00f6\u011fretmenler-2-1024x683.jpg 1024w, https:\/\/archive.sana.sy\/tr\/wp-content\/uploads\/2017\/12\/\u00f6\u011fretmenler-2-310x205.jpg 310w, https:\/\/archive.sana.sy\/tr\/wp-content\/uploads\/2017\/12\/\u00f6\u011fretmenler-2.jpg 1080w\" sizes=\"auto, (max-width: 150px) 100vw, 150px\" \/><\/a>\n\t\t\t<\/div><\/figure>\n\t\t<\/div>\n\n","protected":false},"excerpt":{"rendered":"<p>HALEP \u2013 \u00c7al\u0131\u015fma ve \u0130\u015fletme Merkezinin Birle\u015fmi\u015f Milletler N\u00fcfus Fonu i\u015fbirli\u011fi ile Halep\u2019te deneme ama\u00e7l\u0131 olarak ba\u015flatt\u0131\u011f\u0131 3 ayl\u0131k \u201c Herkes \u0130\u00e7in E\u011fitim\u201d projesi bug\u00fcn sona erdi. \u00c7al\u0131\u015fma ve \u0130\u015fletme Merkezinde Proje M\u00fcd\u00fcr\u00fc Muhammed \u015eabarik, Halep ve \u015eam k\u0131rsal\u0131nda ba\u015flat\u0131lan bu projenin \u00f6\u011fretmenlerin mesleki yeteneklerini peki\u015ftirmek ve onlara \u00e7ocuk e\u011fitiminde daha aktif olma konusunda dene\u011fim &hellip;<\/p>\n","protected":false},"author":1,"featured_media":133996,"comment_status":"closed","ping_status":"closed","sticky":false,"template":"","format":"standard","meta":{"footnotes":""},"categories":[526,541,17988,525,538],"tags":[34151,1132,34152,34153,16591,22181],"class_list":["post-133995","post","type-post","status-publish","format-standard","has-post-thumbnail","","category-haber-ve-raporlar","category-haberler","category-son-haberler","category-toplum","category-yasam","tag-calisma-ve-isletme-merkezi","tag-halep","tag-herkes-icin-egitim-projesi","tag-muhammed-sabarik","tag-suriye","tag-suriyeliler"],"_links":{"self":[{"href":"https:\/\/archive.sana.sy\/tr\/index.php?rest_route=\/wp\/v2\/posts\/133995","targetHints":{"allow":["GET"]}}],"collection":[{"href":"https:\/\/archive.sana.sy\/tr\/index.php?rest_route=\/wp\/v2\/posts"}],"about":[{"href":"https:\/\/archive.sana.sy\/tr\/index.php?rest_route=\/wp\/v2\/types\/post"}],"author":[{"embeddable":true,"href":"https:\/\/archive.sana.sy\/tr\/index.php?rest_route=\/wp\/v2\/users\/1"}],"replies":[{"embeddable":true,"href":"https:\/\/archive.sana.sy\/tr\/index.php?rest_route=%2Fwp%2Fv2%2Fcomments&post=133995"}],"version-history":[{"count":0,"href":"https:\/\/archive.sana.sy\/tr\/index.php?rest_route=\/wp\/v2\/posts\/133995\/revisions"}],"wp:featuredmedia":[{"embeddable":true,"href":"https:\/\/archive.sana.sy\/tr\/index.php?rest_route=\/wp\/v2\/media\/133996"}],"wp:attachment":[{"href":"https:\/\/archive.sana.sy\/tr\/index.php?rest_route=%2Fwp%2Fv2%2Fmedia&parent=133995"}],"wp:term":[{"taxonomy":"category","embeddable":true,"href":"https:\/\/archive.sana.sy\/tr\/index.php?rest_route=%2Fwp%2Fv2%2Fcategories&post=133995"},{"taxonomy":"post_tag","embeddable":true,"href":"https:\/\/archive.sana.sy\/tr\/index.php?rest_route=%2Fwp%2Fv2%2Ftags&post=133995"}],"curies":[{"name":"wp","href":"https:\/\/api.w.org\/{rel}","templated":true}]}}