{"id":134017,"date":"2018-01-01T12:28:42","date_gmt":"2018-01-01T10:28:42","guid":{"rendered":"https:\/\/www.sana.sy\/tr\/?p=134017"},"modified":"2018-01-02T13:07:35","modified_gmt":"2018-01-02T11:07:35","slug":"yetim-ve-engelli-cocuklara-hediyeler-dagitildi","status":"publish","type":"post","link":"https:\/\/archive.sana.sy\/tr\/?p=134017","title":{"rendered":"Yetim ve Engelli \u00c7ocuklara Hediyeler Da\u011f\u0131t\u0131ld\u0131"},"content":{"rendered":"<p>HASEKE \u2013 Haseke Kentinde Sivil Toplum Genlik \u00d6rg\u00fct\u00fc kentin t\u00fcm semtlerinde yetim ve engelli \u00e7ocuklar\u0131n y\u00fcre\u011fini sevindirme amac\u0131yla onlara hediyeler da\u011f\u0131tt\u0131.<\/p>\n<p>\u00d6rg\u00fct kurucular\u0131ndan \u0130dris Davut d\u00fcn Haseke Kentinin t\u00fcm semtlerinde dola\u015fan ara\u00e7lar arac\u0131l\u0131\u011f\u0131 ile \u00e7ocuklara 620 hediyenin da\u011f\u0131t\u0131ld\u0131\u011f\u0131n\u0131 belirtti. Davut engelli ve yetim \u00e7ocuklar\u0131n evlerine de yap\u0131lan ziyaretlerde 390 hediyenin da\u011f\u0131t\u0131ld\u0131\u011f\u0131n\u0131 kaydetti.<\/p>\n<p>Gen\u00e7lik \u00f6rg\u00fct\u00fc ekiplerinin ba\u015fka b\u00f6lgelerde de benzer faaliyetlerde bulunduklar\u0131n\u0131 belirten Davut; amac\u0131n yetim ve engelli \u00e7ocuklar\u0131n y\u00fcre\u011fini sevindirmek oldu\u011funu ifade etti.<\/p>\n","protected":false},"excerpt":{"rendered":"<p>HASEKE \u2013 Haseke Kentinde Sivil Toplum Genlik \u00d6rg\u00fct\u00fc kentin t\u00fcm semtlerinde yetim ve engelli \u00e7ocuklar\u0131n y\u00fcre\u011fini sevindirme amac\u0131yla onlara hediyeler da\u011f\u0131tt\u0131. \u00d6rg\u00fct kurucular\u0131ndan \u0130dris Davut d\u00fcn Haseke Kentinin t\u00fcm semtlerinde dola\u015fan ara\u00e7lar arac\u0131l\u0131\u011f\u0131 ile \u00e7ocuklara 620 hediyenin da\u011f\u0131t\u0131ld\u0131\u011f\u0131n\u0131 belirtti. Davut engelli ve yetim \u00e7ocuklar\u0131n evlerine de yap\u0131lan ziyaretlerde 390 hediyenin da\u011f\u0131t\u0131ld\u0131\u011f\u0131n\u0131 kaydetti. Gen\u00e7lik \u00f6rg\u00fct\u00fc ekiplerinin &hellip;<\/p>\n","protected":false},"author":1,"featured_media":134018,"comment_status":"closed","ping_status":"closed","sticky":false,"template":"","format":"standard","meta":{"footnotes":""},"categories":[526,541,479,17988,525,538,478],"tags":[34155,30081,34156,1140,22181,30080],"class_list":["post-134017","post","type-post","status-publish","format-standard","has-post-thumbnail","","category-haber-ve-raporlar","category-haberler","category-haberler-yerel","category-son-haberler","category-toplum","category-yasam","category-yerel","tag-cocuklari-sevindirme","tag-engelli-cocuklar","tag-genclik-orgutu","tag-haseke","tag-suriyeliler","tag-yetim-cocuklar"],"_links":{"self":[{"href":"https:\/\/archive.sana.sy\/tr\/index.php?rest_route=\/wp\/v2\/posts\/134017","targetHints":{"allow":["GET"]}}],"collection":[{"href":"https:\/\/archive.sana.sy\/tr\/index.php?rest_route=\/wp\/v2\/posts"}],"about":[{"href":"https:\/\/archive.sana.sy\/tr\/index.php?rest_route=\/wp\/v2\/types\/post"}],"author":[{"embeddable":true,"href":"https:\/\/archive.sana.sy\/tr\/index.php?rest_route=\/wp\/v2\/users\/1"}],"replies":[{"embeddable":true,"href":"https:\/\/archive.sana.sy\/tr\/index.php?rest_route=%2Fwp%2Fv2%2Fcomments&post=134017"}],"version-history":[{"count":0,"href":"https:\/\/archive.sana.sy\/tr\/index.php?rest_route=\/wp\/v2\/posts\/134017\/revisions"}],"wp:featuredmedia":[{"embeddable":true,"href":"https:\/\/archive.sana.sy\/tr\/index.php?rest_route=\/wp\/v2\/media\/134018"}],"wp:attachment":[{"href":"https:\/\/archive.sana.sy\/tr\/index.php?rest_route=%2Fwp%2Fv2%2Fmedia&parent=134017"}],"wp:term":[{"taxonomy":"category","embeddable":true,"href":"https:\/\/archive.sana.sy\/tr\/index.php?rest_route=%2Fwp%2Fv2%2Fcategories&post=134017"},{"taxonomy":"post_tag","embeddable":true,"href":"https:\/\/archive.sana.sy\/tr\/index.php?rest_route=%2Fwp%2Fv2%2Ftags&post=134017"}],"curies":[{"name":"wp","href":"https:\/\/api.w.org\/{rel}","templated":true}]}}