{"id":134027,"date":"2018-01-01T14:21:20","date_gmt":"2018-01-01T12:21:20","guid":{"rendered":"https:\/\/www.sana.sy\/tr\/?p=134027"},"modified":"2018-01-01T14:21:20","modified_gmt":"2018-01-01T12:21:20","slug":"miladi-yilbasi-munasebetiyle-samdaki-meryemiye-rum-ortodokslar-katedralliginde-dini-bir-toren-duzenlendi","status":"publish","type":"post","link":"https:\/\/archive.sana.sy\/tr\/?p=134027","title":{"rendered":"Miladi Y\u0131lba\u015f\u0131 m\u00fcnasebetiyle \u015eam\u2019daki Meryemiye Rum Ortodokslar Katedralli\u011finde dini bir t\u00f6ren d\u00fczenlendi"},"content":{"rendered":"<p>Miladi Y\u0131lba\u015f\u0131 m\u00fcnasebetiyle \u015eam\u2019daki Meryemiye Rum Ortodokslar Katedralli\u011finde dini bir t\u00f6ren d\u00fczenlendi<\/p>\n<p>https:\/\/www.youtube.com\/watch?v=lh_I4EpkMpI<\/p>\n","protected":false},"excerpt":{"rendered":"<p>Miladi Y\u0131lba\u015f\u0131 m\u00fcnasebetiyle \u015eam\u2019daki Meryemiye Rum Ortodokslar Katedralli\u011finde dini bir t\u00f6ren d\u00fczenlendi https:\/\/www.youtube.com\/watch?v=lh_I4EpkMpI<\/p>\n","protected":false},"author":1,"featured_media":134028,"comment_status":"closed","ping_status":"closed","sticky":false,"template":"","format":"standard","meta":{"footnotes":""},"categories":[18295],"tags":[22600,34161,34160,16591,22181,22604],"class_list":["post-134027","post","type-post","status-publish","format-standard","has-post-thumbnail","","category-sana-video","tag-antakya-ve-tum-dogu-patrigi","tag-meryemiye-katedralligi","tag-rum-ortodokslar","tag-suriye","tag-suriyeliler","tag-x-yuhanna-yazici"],"_links":{"self":[{"href":"https:\/\/archive.sana.sy\/tr\/index.php?rest_route=\/wp\/v2\/posts\/134027","targetHints":{"allow":["GET"]}}],"collection":[{"href":"https:\/\/archive.sana.sy\/tr\/index.php?rest_route=\/wp\/v2\/posts"}],"about":[{"href":"https:\/\/archive.sana.sy\/tr\/index.php?rest_route=\/wp\/v2\/types\/post"}],"author":[{"embeddable":true,"href":"https:\/\/archive.sana.sy\/tr\/index.php?rest_route=\/wp\/v2\/users\/1"}],"replies":[{"embeddable":true,"href":"https:\/\/archive.sana.sy\/tr\/index.php?rest_route=%2Fwp%2Fv2%2Fcomments&post=134027"}],"version-history":[{"count":0,"href":"https:\/\/archive.sana.sy\/tr\/index.php?rest_route=\/wp\/v2\/posts\/134027\/revisions"}],"wp:featuredmedia":[{"embeddable":true,"href":"https:\/\/archive.sana.sy\/tr\/index.php?rest_route=\/wp\/v2\/media\/134028"}],"wp:attachment":[{"href":"https:\/\/archive.sana.sy\/tr\/index.php?rest_route=%2Fwp%2Fv2%2Fmedia&parent=134027"}],"wp:term":[{"taxonomy":"category","embeddable":true,"href":"https:\/\/archive.sana.sy\/tr\/index.php?rest_route=%2Fwp%2Fv2%2Fcategories&post=134027"},{"taxonomy":"post_tag","embeddable":true,"href":"https:\/\/archive.sana.sy\/tr\/index.php?rest_route=%2Fwp%2Fv2%2Ftags&post=134027"}],"curies":[{"name":"wp","href":"https:\/\/api.w.org\/{rel}","templated":true}]}}