{"id":134046,"date":"2018-01-02T15:03:05","date_gmt":"2018-01-02T13:03:05","guid":{"rendered":"https:\/\/www.sana.sy\/tr\/?p=134046"},"modified":"2018-01-03T12:14:27","modified_gmt":"2018-01-03T10:14:27","slug":"suriye-abd-ve-israilin-yikici-tutumlarini-kiniyor","status":"publish","type":"post","link":"https:\/\/archive.sana.sy\/tr\/?p=134046","title":{"rendered":"Suriye ABD ve \u0130srail\u2019in Y\u0131k\u0131c\u0131 Tutumlar\u0131n\u0131 K\u0131n\u0131yor"},"content":{"rendered":"<p>\u015eAM \u2013 D\u0131\u015fi\u015fleri ve Gurbet\u00e7iler Bakanl\u0131\u011f\u0131nda yetkili bir kaynak Suriye&#8217;nin; ABD ve Siyonist \u0130srail\u2019in \u0130ran\u2019da mevcut durumlar konusunda ilan ettikleri tutumlar\u0131 keskin bir dille k\u0131nad\u0131\u011f\u0131n\u0131 belirtti.<\/p>\n<p>SANA\u2019ya bug\u00fcn a\u00e7\u0131klama yapan yetkili kaynak Suriye&#8217;nin, \u0130ran\u2019\u0131n bu komployu \u00e7\u00f6kertmekle birlikte kalk\u0131nma ve yap\u0131lanma s\u00fcrecini s\u00fcrd\u00fcrme g\u00fcc\u00fcne sahip oldu\u011funu, b\u00f6lgede halklar\u0131n adil davalar\u0131n\u0131 da desteklemeye devam edece\u011finden emin oldu\u011funu ifade etti.<\/p>\n<p>Yetkili kaynak ABD ve \u0130srail\u2019in bu y\u0131k\u0131c\u0131 tutumlar\u0131n\u0131n b\u00f6lge \u00fclkelerini zay\u0131flatma ve hegemonyaya almay\u0131 ama\u00e7lad\u0131\u011f\u0131n\u0131 belirtti.<\/p>\n<p>\u0130ran\u2019\u0131n Suriye ve Irak\u2019ta radikal ter\u00f6re kar\u015f\u0131 ba\u015far\u0131larda oynad\u0131\u011f\u0131 \u00f6nemli role dikkat \u00e7eken yetkili kaynak; Suriye&#8217;nin \u0130ran ile tam dayan\u0131\u015fmas\u0131n\u0131 kaydetti.<\/p>\n","protected":false},"excerpt":{"rendered":"<p>\u015eAM \u2013 D\u0131\u015fi\u015fleri ve Gurbet\u00e7iler Bakanl\u0131\u011f\u0131nda yetkili bir kaynak Suriye&#8217;nin; ABD ve Siyonist \u0130srail\u2019in \u0130ran\u2019da mevcut durumlar konusunda ilan ettikleri tutumlar\u0131 keskin bir dille k\u0131nad\u0131\u011f\u0131n\u0131 belirtti. SANA\u2019ya bug\u00fcn a\u00e7\u0131klama yapan yetkili kaynak Suriye&#8217;nin, \u0130ran\u2019\u0131n bu komployu \u00e7\u00f6kertmekle birlikte kalk\u0131nma ve yap\u0131lanma s\u00fcrecini s\u00fcrd\u00fcrme g\u00fcc\u00fcne sahip oldu\u011funu, b\u00f6lgede halklar\u0131n adil davalar\u0131n\u0131 da desteklemeye devam edece\u011finden emin &hellip;<\/p>\n","protected":false},"author":1,"featured_media":134048,"comment_status":"closed","ping_status":"closed","sticky":false,"template":"","format":"standard","meta":{"footnotes":""},"categories":[479,17988,478],"tags":[2420,34169,16591,10745],"class_list":["post-134046","post","type-post","status-publish","format-standard","has-post-thumbnail","","category-haberler-yerel","category-son-haberler","category-yerel","tag-disisleri-bakanligi","tag-iranda-protestolar","tag-suriye","tag-tahran"],"_links":{"self":[{"href":"https:\/\/archive.sana.sy\/tr\/index.php?rest_route=\/wp\/v2\/posts\/134046","targetHints":{"allow":["GET"]}}],"collection":[{"href":"https:\/\/archive.sana.sy\/tr\/index.php?rest_route=\/wp\/v2\/posts"}],"about":[{"href":"https:\/\/archive.sana.sy\/tr\/index.php?rest_route=\/wp\/v2\/types\/post"}],"author":[{"embeddable":true,"href":"https:\/\/archive.sana.sy\/tr\/index.php?rest_route=\/wp\/v2\/users\/1"}],"replies":[{"embeddable":true,"href":"https:\/\/archive.sana.sy\/tr\/index.php?rest_route=%2Fwp%2Fv2%2Fcomments&post=134046"}],"version-history":[{"count":0,"href":"https:\/\/archive.sana.sy\/tr\/index.php?rest_route=\/wp\/v2\/posts\/134046\/revisions"}],"wp:featuredmedia":[{"embeddable":true,"href":"https:\/\/archive.sana.sy\/tr\/index.php?rest_route=\/wp\/v2\/media\/134048"}],"wp:attachment":[{"href":"https:\/\/archive.sana.sy\/tr\/index.php?rest_route=%2Fwp%2Fv2%2Fmedia&parent=134046"}],"wp:term":[{"taxonomy":"category","embeddable":true,"href":"https:\/\/archive.sana.sy\/tr\/index.php?rest_route=%2Fwp%2Fv2%2Fcategories&post=134046"},{"taxonomy":"post_tag","embeddable":true,"href":"https:\/\/archive.sana.sy\/tr\/index.php?rest_route=%2Fwp%2Fv2%2Ftags&post=134046"}],"curies":[{"name":"wp","href":"https:\/\/api.w.org\/{rel}","templated":true}]}}