{"id":134209,"date":"2018-01-04T20:07:13","date_gmt":"2018-01-04T18:07:13","guid":{"rendered":"https:\/\/www.sana.sy\/tr\/?p=134209"},"modified":"2018-01-05T15:26:19","modified_gmt":"2018-01-05T13:26:19","slug":"basbakan-iranli-parlamenter-heyeti-kabul-etti","status":"publish","type":"post","link":"https:\/\/archive.sana.sy\/tr\/?p=134209","title":{"rendered":"Ba\u015fbakan \u0130ranl\u0131 Parlamenter Heyeti Kabul Etti"},"content":{"rendered":"<p>\u015eAM \u2013 Ba\u015fbakan \u0130mad Hamis bug\u00fcn Suriye-\u0130ran Parlamenter Dostluk Heyeti Ba\u015fkan Vekili Ahmet Salik ba\u015fkanl\u0131\u011f\u0131nda \u0130ran Parlamentosunda bir heyetle g\u00f6r\u00fc\u015ft\u00fc.<\/p>\n<p>Hamis, iki \u00fclkenin ortak \u00e7\u0131karlar\u0131n\u0131 sa\u011flamak i\u00e7in Suriye ve \u0130ran parlamentosu aras\u0131nda ikili ili\u015fkileri geli\u015ftirmek ve y\u00fckseltmek gerekti\u011fini belirtti.<\/p>\n<p><a href=\"https:\/\/www.sana.sy\/tr\/wp-content\/uploads\/2018\/01\/ham\u0131s1.jpg\"><img loading=\"lazy\" decoding=\"async\" class=\"alignright wp-image-134214 size-medium\" src=\"https:\/\/www.sana.sy\/tr\/wp-content\/uploads\/2018\/01\/ham\u0131s1-300x185.jpg\" alt=\"\" width=\"300\" height=\"185\" srcset=\"https:\/\/archive.sana.sy\/tr\/wp-content\/uploads\/2018\/01\/ham\u0131s1-300x185.jpg 300w, https:\/\/archive.sana.sy\/tr\/wp-content\/uploads\/2018\/01\/ham\u0131s1-150x93.jpg 150w, https:\/\/archive.sana.sy\/tr\/wp-content\/uploads\/2018\/01\/ham\u0131s1-768x475.jpg 768w, https:\/\/archive.sana.sy\/tr\/wp-content\/uploads\/2018\/01\/ham\u0131s1-1024x633.jpg 1024w\" sizes=\"auto, (max-width: 300px) 100vw, 300px\" \/><\/a>\u0130ran\u2019\u0131n h\u00fck\u00fcmet ve halk olarak Suriye&#8217;nin ter\u00f6r \u00f6rg\u00fctlere kar\u015f\u0131 verdi\u011fi sava\u015fta verdi\u011fi deste\u011fin takdire \u015fayan oldu\u011funu s\u00f6yleyen Hamis, ordumuzun ter\u00f6r \u00f6rg\u00fctlere kar\u015f\u0131 kazand\u0131\u011f\u0131 zaferlerin direni\u015f hatt\u0131n\u0131 g\u00fc\u00e7lendirdi\u011fine dikkat \u00e7ekti.<\/p>\n<p>\u0130ran halk\u0131 ve y\u00f6netiminin \u0130ran\u2019\u0131 hedef alan kaos ve d\u0131\u015f planlar\u0131n \u00fcstesinden gelece\u011fine inand\u0131\u011f\u0131n\u0131 ifade eden Ba\u015fbakan Hamis, son s\u00fcre\u00e7te yarat\u0131lmaya \u00e7al\u0131\u015f\u0131lan kaos\u2019un arkas\u0131nda Amerikan ve Siyonist \u0130srail\u2019in oldu\u011funun bilindi\u011fini kaydetti. Hamis, bu sald\u0131r\u0131n\u0131n amac\u0131n\u0131n \u0130ran\u2019\u0131n Filistin davas\u0131 konusundaki tutarl\u0131 bak\u0131\u015f a\u00e7\u0131s\u0131 ve <a href=\"https:\/\/www.sana.sy\/tr\/wp-content\/uploads\/2018\/01\/ham\u0131s2.jpg\"><img loading=\"lazy\" decoding=\"async\" class=\"alignright wp-image-134215 size-medium\" src=\"https:\/\/www.sana.sy\/tr\/wp-content\/uploads\/2018\/01\/ham\u0131s2-300x169.jpg\" alt=\"\" width=\"300\" height=\"169\" srcset=\"https:\/\/archive.sana.sy\/tr\/wp-content\/uploads\/2018\/01\/ham\u0131s2-300x169.jpg 300w, https:\/\/archive.sana.sy\/tr\/wp-content\/uploads\/2018\/01\/ham\u0131s2-150x85.jpg 150w, https:\/\/archive.sana.sy\/tr\/wp-content\/uploads\/2018\/01\/ham\u0131s2-768x433.jpg 768w, https:\/\/archive.sana.sy\/tr\/wp-content\/uploads\/2018\/01\/ham\u0131s2-1024x578.jpg 1024w\" sizes=\"auto, (max-width: 300px) 100vw, 300px\" \/><\/a>deste\u011finden kaynakland\u0131\u011f\u0131n\u0131 belirtti.<\/p>\n<p>Di\u011fer yandan Suriye\u2019yi ziyaret etmekten dolay\u0131 mutlu oldu\u011funu s\u00f6yleyen \u0130ranl\u0131 Parlamenter Salik, kahraman ordumuzun dost ve m\u00fcttefikleriyle birlikte I\u015e\u0130D\u2019in yan\u0131 s\u0131ra di\u011fer radikal ter\u00f6r \u00f6rg\u00fctler ve gerici ideolojiye kar\u015f\u0131 kazand\u0131\u011f\u0131 zaferlerden dolay\u0131 tebrik etti.<\/p>\n<p>Toplant\u0131 sonras\u0131nda gazetecilere verdi\u011fi deme\u00e7te Salik, iki \u00fclke aras\u0131nda k\u00fclt\u00fcrel ili\u015fkiler ve bir\u00e7ok konuyla ilgili g\u00f6r\u00fc\u015fme yap\u0131ld\u0131\u011f\u0131n\u0131, kar\u015f\u0131l\u0131kl\u0131 ziyaretlerin yo\u011funla\u015ft\u0131r\u0131lmas\u0131 i\u00e7in bir dizi g\u00f6r\u00fc\u015fmeler yap\u0131ld\u0131\u011f\u0131 s\u00f6yledi.<\/p>\n<p>K.\u00d6.<\/p>\n","protected":false},"excerpt":{"rendered":"<p>\u015eAM \u2013 Ba\u015fbakan \u0130mad Hamis bug\u00fcn Suriye-\u0130ran Parlamenter Dostluk Heyeti Ba\u015fkan Vekili Ahmet Salik ba\u015fkanl\u0131\u011f\u0131nda \u0130ran Parlamentosunda bir heyetle g\u00f6r\u00fc\u015ft\u00fc. Hamis, iki \u00fclkenin ortak \u00e7\u0131karlar\u0131n\u0131 sa\u011flamak i\u00e7in Suriye ve \u0130ran parlamentosu aras\u0131nda ikili ili\u015fkileri geli\u015ftirmek ve y\u00fckseltmek gerekti\u011fini belirtti. \u0130ran\u2019\u0131n h\u00fck\u00fcmet ve halk olarak Suriye&#8217;nin ter\u00f6r \u00f6rg\u00fctlere kar\u015f\u0131 verdi\u011fi sava\u015fta verdi\u011fi deste\u011fin takdire \u015fayan oldu\u011funu &hellip;<\/p>\n","protected":false},"author":1,"featured_media":134211,"comment_status":"closed","ping_status":"closed","sticky":false,"template":"","format":"standard","meta":{"footnotes":""},"categories":[479,17988,478],"tags":[34208,18703,21934,34207,16591,22181],"class_list":["post-134209","post","type-post","status-publish","format-standard","has-post-thumbnail","","category-haberler-yerel","category-son-haberler","category-yerel","tag-ahmet-salik","tag-basbakan","tag-imad-hamis","tag-iran-parlamentosundan-bir-heyet","tag-suriye","tag-suriyeliler"],"_links":{"self":[{"href":"https:\/\/archive.sana.sy\/tr\/index.php?rest_route=\/wp\/v2\/posts\/134209","targetHints":{"allow":["GET"]}}],"collection":[{"href":"https:\/\/archive.sana.sy\/tr\/index.php?rest_route=\/wp\/v2\/posts"}],"about":[{"href":"https:\/\/archive.sana.sy\/tr\/index.php?rest_route=\/wp\/v2\/types\/post"}],"author":[{"embeddable":true,"href":"https:\/\/archive.sana.sy\/tr\/index.php?rest_route=\/wp\/v2\/users\/1"}],"replies":[{"embeddable":true,"href":"https:\/\/archive.sana.sy\/tr\/index.php?rest_route=%2Fwp%2Fv2%2Fcomments&post=134209"}],"version-history":[{"count":0,"href":"https:\/\/archive.sana.sy\/tr\/index.php?rest_route=\/wp\/v2\/posts\/134209\/revisions"}],"wp:featuredmedia":[{"embeddable":true,"href":"https:\/\/archive.sana.sy\/tr\/index.php?rest_route=\/wp\/v2\/media\/134211"}],"wp:attachment":[{"href":"https:\/\/archive.sana.sy\/tr\/index.php?rest_route=%2Fwp%2Fv2%2Fmedia&parent=134209"}],"wp:term":[{"taxonomy":"category","embeddable":true,"href":"https:\/\/archive.sana.sy\/tr\/index.php?rest_route=%2Fwp%2Fv2%2Fcategories&post=134209"},{"taxonomy":"post_tag","embeddable":true,"href":"https:\/\/archive.sana.sy\/tr\/index.php?rest_route=%2Fwp%2Fv2%2Ftags&post=134209"}],"curies":[{"name":"wp","href":"https:\/\/api.w.org\/{rel}","templated":true}]}}