{"id":134223,"date":"2018-01-05T13:18:52","date_gmt":"2018-01-05T11:18:52","guid":{"rendered":"https:\/\/www.sana.sy\/tr\/?p=134223"},"modified":"2018-01-06T09:41:59","modified_gmt":"2018-01-06T07:41:59","slug":"suriyeli-biniciler-7-ve-11-sirada-yer-aldi","status":"publish","type":"post","link":"https:\/\/archive.sana.sy\/tr\/?p=134223","title":{"rendered":"Suriyeli Biniciler 7. ve 11. S\u0131rada Yer Ald\u0131"},"content":{"rendered":"<p>\u015eAM \u2013 \u00c7in\u2019de d\u00fczenlenen D\u00fcnya \u00c7ocuk Binicilik \u015eampiyonas\u0131 final yar\u0131\u015fmalar\u0131nda Suriyeli binici \u015eam el Esad 7. s\u0131rada al\u0131rken Bu\u015fra el Esad ise 11. s\u0131rada yer ald\u0131.<\/p>\n<p>Uluslar aras\u0131 20 \u00e7ocuk binicinin kat\u0131ld\u0131klar\u0131 final yar\u0131\u015fmas\u0131nda Suriyeli Binici \u015eam el Esad yar\u0131\u015fma turunu hatas\u0131z bitirdi. Bu\u015fra el Esad ise yar\u0131\u015fma turunda 4 hata kaydetti.<\/p>\n<p>K.\u00d6.<\/p>\n<div id='gallery-1' class='gallery galleryid-134223 gallery-columns-4 gallery-size-thumbnail'><figure class='gallery-item'>\n\t\t\t<div class='gallery-icon landscape'>\n\t\t\t\t<a href='https:\/\/archive.sana.sy\/tr\/wp-content\/uploads\/2018\/01\/\u015fam-b\u00fc\u015fra-2.jpg'><img loading=\"lazy\" decoding=\"async\" width=\"150\" height=\"100\" src=\"https:\/\/archive.sana.sy\/tr\/wp-content\/uploads\/2018\/01\/\u015fam-b\u00fc\u015fra-2-150x100.jpg\" class=\"attachment-thumbnail size-thumbnail\" alt=\"\" srcset=\"https:\/\/archive.sana.sy\/tr\/wp-content\/uploads\/2018\/01\/\u015fam-b\u00fc\u015fra-2-150x100.jpg 150w, https:\/\/archive.sana.sy\/tr\/wp-content\/uploads\/2018\/01\/\u015fam-b\u00fc\u015fra-2-300x200.jpg 300w, https:\/\/archive.sana.sy\/tr\/wp-content\/uploads\/2018\/01\/\u015fam-b\u00fc\u015fra-2-310x205.jpg 310w, https:\/\/archive.sana.sy\/tr\/wp-content\/uploads\/2018\/01\/\u015fam-b\u00fc\u015fra-2.jpg 660w\" sizes=\"auto, (max-width: 150px) 100vw, 150px\" \/><\/a>\n\t\t\t<\/div><\/figure><figure class='gallery-item'>\n\t\t\t<div class='gallery-icon landscape'>\n\t\t\t\t<a href='https:\/\/archive.sana.sy\/tr\/wp-content\/uploads\/2018\/01\/\u015fam-b\u00fc\u015fra1-2.jpg'><img loading=\"lazy\" decoding=\"async\" width=\"150\" height=\"92\" src=\"https:\/\/archive.sana.sy\/tr\/wp-content\/uploads\/2018\/01\/\u015fam-b\u00fc\u015fra1-2-150x92.jpg\" class=\"attachment-thumbnail size-thumbnail\" alt=\"\" srcset=\"https:\/\/archive.sana.sy\/tr\/wp-content\/uploads\/2018\/01\/\u015fam-b\u00fc\u015fra1-2-150x92.jpg 150w, https:\/\/archive.sana.sy\/tr\/wp-content\/uploads\/2018\/01\/\u015fam-b\u00fc\u015fra1-2-300x184.jpg 300w, https:\/\/archive.sana.sy\/tr\/wp-content\/uploads\/2018\/01\/\u015fam-b\u00fc\u015fra1-2-768x470.jpg 768w, https:\/\/archive.sana.sy\/tr\/wp-content\/uploads\/2018\/01\/\u015fam-b\u00fc\u015fra1-2.jpg 960w\" sizes=\"auto, (max-width: 150px) 100vw, 150px\" \/><\/a>\n\t\t\t<\/div><\/figure><figure class='gallery-item'>\n\t\t\t<div class='gallery-icon landscape'>\n\t\t\t\t<a href='https:\/\/archive.sana.sy\/tr\/wp-content\/uploads\/2018\/01\/\u015fam-b\u00fc\u015fra3-2.jpg'><img loading=\"lazy\" decoding=\"async\" width=\"150\" height=\"100\" src=\"https:\/\/archive.sana.sy\/tr\/wp-content\/uploads\/2018\/01\/\u015fam-b\u00fc\u015fra3-2-150x100.jpg\" class=\"attachment-thumbnail size-thumbnail\" alt=\"\" srcset=\"https:\/\/archive.sana.sy\/tr\/wp-content\/uploads\/2018\/01\/\u015fam-b\u00fc\u015fra3-2-150x100.jpg 150w, https:\/\/archive.sana.sy\/tr\/wp-content\/uploads\/2018\/01\/\u015fam-b\u00fc\u015fra3-2-300x200.jpg 300w, https:\/\/archive.sana.sy\/tr\/wp-content\/uploads\/2018\/01\/\u015fam-b\u00fc\u015fra3-2-768x511.jpg 768w, https:\/\/archive.sana.sy\/tr\/wp-content\/uploads\/2018\/01\/\u015fam-b\u00fc\u015fra3-2-310x205.jpg 310w, https:\/\/archive.sana.sy\/tr\/wp-content\/uploads\/2018\/01\/\u015fam-b\u00fc\u015fra3-2.jpg 960w\" sizes=\"auto, (max-width: 150px) 100vw, 150px\" \/><\/a>\n\t\t\t<\/div><\/figure><figure class='gallery-item'>\n\t\t\t<div class='gallery-icon landscape'>\n\t\t\t\t<a href='https:\/\/archive.sana.sy\/tr\/wp-content\/uploads\/2018\/01\/\u015fam-b\u00fc\u015fra4-1.jpg'><img loading=\"lazy\" decoding=\"async\" width=\"150\" height=\"100\" src=\"https:\/\/archive.sana.sy\/tr\/wp-content\/uploads\/2018\/01\/\u015fam-b\u00fc\u015fra4-1-150x100.jpg\" class=\"attachment-thumbnail size-thumbnail\" alt=\"\" srcset=\"https:\/\/archive.sana.sy\/tr\/wp-content\/uploads\/2018\/01\/\u015fam-b\u00fc\u015fra4-1-150x100.jpg 150w, https:\/\/archive.sana.sy\/tr\/wp-content\/uploads\/2018\/01\/\u015fam-b\u00fc\u015fra4-1-300x200.jpg 300w, https:\/\/archive.sana.sy\/tr\/wp-content\/uploads\/2018\/01\/\u015fam-b\u00fc\u015fra4-1-310x205.jpg 310w, https:\/\/archive.sana.sy\/tr\/wp-content\/uploads\/2018\/01\/\u015fam-b\u00fc\u015fra4-1.jpg 717w\" sizes=\"auto, (max-width: 150px) 100vw, 150px\" \/><\/a>\n\t\t\t<\/div><\/figure>\n\t\t<\/div>\n\n","protected":false},"excerpt":{"rendered":"<p>\u015eAM \u2013 \u00c7in\u2019de d\u00fczenlenen D\u00fcnya \u00c7ocuk Binicilik \u015eampiyonas\u0131 final yar\u0131\u015fmalar\u0131nda Suriyeli binici \u015eam el Esad 7. s\u0131rada al\u0131rken Bu\u015fra el Esad ise 11. s\u0131rada yer ald\u0131. Uluslar aras\u0131 20 \u00e7ocuk binicinin kat\u0131ld\u0131klar\u0131 final yar\u0131\u015fmas\u0131nda Suriyeli Binici \u015eam el Esad yar\u0131\u015fma turunu hatas\u0131z bitirdi. Bu\u015fra el Esad ise yar\u0131\u015fma turunda 4 hata kaydetti. K.\u00d6.<\/p>\n","protected":false},"author":1,"featured_media":134225,"comment_status":"closed","ping_status":"closed","sticky":false,"template":"","format":"standard","meta":{"footnotes":""},"categories":[498,596,17988,496],"tags":[34210,4349,34209,34211,16591,22181],"class_list":["post-134223","post","type-post","status-publish","format-standard","has-post-thumbnail","","category-dunya-turnuvalari","category-fotografli-raporlar","category-son-haberler","category-spor","tag-busra-el-esad","tag-cin","tag-dunya-cocuk-binicilik-sampiyonasi","tag-sam-el-esad","tag-suriye","tag-suriyeliler"],"_links":{"self":[{"href":"https:\/\/archive.sana.sy\/tr\/index.php?rest_route=\/wp\/v2\/posts\/134223","targetHints":{"allow":["GET"]}}],"collection":[{"href":"https:\/\/archive.sana.sy\/tr\/index.php?rest_route=\/wp\/v2\/posts"}],"about":[{"href":"https:\/\/archive.sana.sy\/tr\/index.php?rest_route=\/wp\/v2\/types\/post"}],"author":[{"embeddable":true,"href":"https:\/\/archive.sana.sy\/tr\/index.php?rest_route=\/wp\/v2\/users\/1"}],"replies":[{"embeddable":true,"href":"https:\/\/archive.sana.sy\/tr\/index.php?rest_route=%2Fwp%2Fv2%2Fcomments&post=134223"}],"version-history":[{"count":0,"href":"https:\/\/archive.sana.sy\/tr\/index.php?rest_route=\/wp\/v2\/posts\/134223\/revisions"}],"wp:featuredmedia":[{"embeddable":true,"href":"https:\/\/archive.sana.sy\/tr\/index.php?rest_route=\/wp\/v2\/media\/134225"}],"wp:attachment":[{"href":"https:\/\/archive.sana.sy\/tr\/index.php?rest_route=%2Fwp%2Fv2%2Fmedia&parent=134223"}],"wp:term":[{"taxonomy":"category","embeddable":true,"href":"https:\/\/archive.sana.sy\/tr\/index.php?rest_route=%2Fwp%2Fv2%2Fcategories&post=134223"},{"taxonomy":"post_tag","embeddable":true,"href":"https:\/\/archive.sana.sy\/tr\/index.php?rest_route=%2Fwp%2Fv2%2Ftags&post=134223"}],"curies":[{"name":"wp","href":"https:\/\/api.w.org\/{rel}","templated":true}]}}