{"id":134280,"date":"2018-01-05T11:00:01","date_gmt":"2018-01-05T09:00:01","guid":{"rendered":"https:\/\/www.sana.sy\/tr\/?p=134280"},"modified":"2018-01-06T09:45:32","modified_gmt":"2018-01-06T07:45:32","slug":"brezilya-parlamentosundan-bir-heyet-suriyeyi-ziyaret-ediyor","status":"publish","type":"post","link":"https:\/\/archive.sana.sy\/tr\/?p=134280","title":{"rendered":"Brezilya Parlamentosundan Bir Heyet Suriye\u2019yi Ziyaret Ediyor (video)"},"content":{"rendered":"<p>\u015eAM \u2013\u0130\u015f\u00e7i Partisinden Parlamenter Arlindo Shinalia ba\u015fkanl\u0131\u011f\u0131nda Brezilyal\u0131 parlamenter bir heyet \u015eam\u2019a ula\u015ft\u0131.<\/p>\n<p>L\u00fcbnan\u2019a a\u00e7\u0131lan Cdetdet Yabus S\u0131n\u0131r kap\u0131s\u0131ndan ge\u00e7meleri ard\u0131ndan bas\u0131na a\u00e7\u0131klama yapan Shinalia; ziyaretten amac\u0131n iki dost \u00fclke aras\u0131ndaki parlamento ili\u015fkilerini g\u00fc\u00e7lendirmek ve Suriye\u2019deki durumlar\u0131 yak\u0131ndan takip edip g\u00f6rmek oldu\u011funu s\u00f6yledi.<\/p>\n<p><a href=\"https:\/\/www.sana.sy\/tr\/wp-content\/uploads\/2018\/01\/2-10.jpg\"><img loading=\"lazy\" decoding=\"async\" class=\"alignright wp-image-134283 size-medium\" src=\"https:\/\/www.sana.sy\/tr\/wp-content\/uploads\/2018\/01\/2-10-300x200.jpg\" alt=\"\" width=\"300\" height=\"200\" srcset=\"https:\/\/archive.sana.sy\/tr\/wp-content\/uploads\/2018\/01\/2-10-300x200.jpg 300w, https:\/\/archive.sana.sy\/tr\/wp-content\/uploads\/2018\/01\/2-10-150x100.jpg 150w, https:\/\/archive.sana.sy\/tr\/wp-content\/uploads\/2018\/01\/2-10-768x511.jpg 768w, https:\/\/archive.sana.sy\/tr\/wp-content\/uploads\/2018\/01\/2-10-1024x681.jpg 1024w\" sizes=\"auto, (max-width: 300px) 100vw, 300px\" \/><\/a>Shinalia uluslar aras\u0131 medya ara\u00e7lar\u0131n\u0131n Suriye konusunda ger\u00e7ekleri \u00e7arp\u0131tt\u0131klar\u0131 ve belirli devletlerin siyasi ajandalar\u0131na hizmet ettikleri ger\u00e7e\u011finin art\u0131k herkes taraf\u0131ndan bilindi\u011fini kaydetti. Dolsy\u0131s\u0131yla Suriye&#8217;nin muhtelif b\u00f6lgelerini dola\u015f\u0131p Suriyeli yetkililerle temaslarda bulunacaklar\u0131n\u0131 ifade eden Shinalia; Suriye\u2019de krizin en k\u0131sa zamanda sona ermesi ve istikrar\u0131n sa\u011flanmas\u0131 temennisinde bulundu.<\/p>\n<p><a href=\"https:\/\/www.sana.sy\/tr\/wp-content\/uploads\/2018\/01\/5-4.jpg\"><img loading=\"lazy\" decoding=\"async\" class=\"alignright wp-image-134284 size-medium\" src=\"https:\/\/www.sana.sy\/tr\/wp-content\/uploads\/2018\/01\/5-4-300x200.jpg\" alt=\"\" width=\"300\" height=\"200\" srcset=\"https:\/\/archive.sana.sy\/tr\/wp-content\/uploads\/2018\/01\/5-4-300x200.jpg 300w, https:\/\/archive.sana.sy\/tr\/wp-content\/uploads\/2018\/01\/5-4-150x100.jpg 150w, https:\/\/archive.sana.sy\/tr\/wp-content\/uploads\/2018\/01\/5-4-768x511.jpg 768w, https:\/\/archive.sana.sy\/tr\/wp-content\/uploads\/2018\/01\/5-4-1024x681.jpg 1024w\" sizes=\"auto, (max-width: 300px) 100vw, 300px\" \/><\/a>Di\u011fer yandan Suriye ve Brezilya ili\u015fkilerinin derinli\u011fine i\u015faret eden Brezilya\u2019n\u0131n \u015eam B\u00fcy\u00fckel\u00e7ili\u011fi Maslahatg\u00fczar\u0131; \u00fclkesinin Suriye\u2019nin toprak b\u00fct\u00fcnl\u00fc\u011f\u00fc ve ba\u011f\u0131ms\u0131zl\u0131\u011f\u0131na verdi\u011fi deste\u011fi vugulad\u0131.<\/p>\n<p>Konuk parlamenter heyeti kar\u015f\u0131layan Halk Meclisinde Suriye-Brezilya Parlamenter Dostluk Grubu Ba\u015fkan\u0131 Be\u015f\u015far Yaz\u0131c\u0131, Brezilya parlamento heyetinin Suriye&#8217;ye ziyaretinin iki \u00fclke aras\u0131ndaki parlamento ili\u015fkilerini g\u00fc\u00e7lendirmek ve geli\u015ftirmek i\u00e7in \u00f6nemli bir ad\u0131m oldu\u011funu s\u00f6yledi.<\/p>\n<p>K.\u00d6.<\/p>\n<div id='gallery-1' class='gallery galleryid-134280 gallery-columns-4 gallery-size-thumbnail'><figure class='gallery-item'>\n\t\t\t<div class='gallery-icon landscape'>\n\t\t\t\t<a href='https:\/\/archive.sana.sy\/tr\/wp-content\/uploads\/2018\/01\/7-2.jpg'><img loading=\"lazy\" decoding=\"async\" width=\"150\" height=\"100\" src=\"https:\/\/archive.sana.sy\/tr\/wp-content\/uploads\/2018\/01\/7-2-150x100.jpg\" class=\"attachment-thumbnail size-thumbnail\" alt=\"\" srcset=\"https:\/\/archive.sana.sy\/tr\/wp-content\/uploads\/2018\/01\/7-2-150x100.jpg 150w, https:\/\/archive.sana.sy\/tr\/wp-content\/uploads\/2018\/01\/7-2-300x200.jpg 300w, https:\/\/archive.sana.sy\/tr\/wp-content\/uploads\/2018\/01\/7-2-768x511.jpg 768w, https:\/\/archive.sana.sy\/tr\/wp-content\/uploads\/2018\/01\/7-2-1024x681.jpg 1024w, https:\/\/archive.sana.sy\/tr\/wp-content\/uploads\/2018\/01\/7-2-310x205.jpg 310w\" sizes=\"auto, (max-width: 150px) 100vw, 150px\" \/><\/a>\n\t\t\t<\/div><\/figure><figure class='gallery-item'>\n\t\t\t<div class='gallery-icon landscape'>\n\t\t\t\t<a href='https:\/\/archive.sana.sy\/tr\/wp-content\/uploads\/2018\/01\/1-36.jpg'><img loading=\"lazy\" decoding=\"async\" width=\"150\" height=\"100\" src=\"https:\/\/archive.sana.sy\/tr\/wp-content\/uploads\/2018\/01\/1-36-150x100.jpg\" class=\"attachment-thumbnail size-thumbnail\" alt=\"\" srcset=\"https:\/\/archive.sana.sy\/tr\/wp-content\/uploads\/2018\/01\/1-36-150x100.jpg 150w, https:\/\/archive.sana.sy\/tr\/wp-content\/uploads\/2018\/01\/1-36-300x200.jpg 300w, https:\/\/archive.sana.sy\/tr\/wp-content\/uploads\/2018\/01\/1-36-768x511.jpg 768w, https:\/\/archive.sana.sy\/tr\/wp-content\/uploads\/2018\/01\/1-36-1024x682.jpg 1024w, https:\/\/archive.sana.sy\/tr\/wp-content\/uploads\/2018\/01\/1-36-310x205.jpg 310w\" sizes=\"auto, (max-width: 150px) 100vw, 150px\" \/><\/a>\n\t\t\t<\/div><\/figure><figure class='gallery-item'>\n\t\t\t<div class='gallery-icon landscape'>\n\t\t\t\t<a href='https:\/\/archive.sana.sy\/tr\/wp-content\/uploads\/2018\/01\/3-6.jpg'><img loading=\"lazy\" decoding=\"async\" width=\"150\" height=\"100\" src=\"https:\/\/archive.sana.sy\/tr\/wp-content\/uploads\/2018\/01\/3-6-150x100.jpg\" class=\"attachment-thumbnail size-thumbnail\" alt=\"\" srcset=\"https:\/\/archive.sana.sy\/tr\/wp-content\/uploads\/2018\/01\/3-6-150x100.jpg 150w, https:\/\/archive.sana.sy\/tr\/wp-content\/uploads\/2018\/01\/3-6-300x200.jpg 300w, https:\/\/archive.sana.sy\/tr\/wp-content\/uploads\/2018\/01\/3-6-768x511.jpg 768w, https:\/\/archive.sana.sy\/tr\/wp-content\/uploads\/2018\/01\/3-6-1024x681.jpg 1024w, https:\/\/archive.sana.sy\/tr\/wp-content\/uploads\/2018\/01\/3-6-310x205.jpg 310w\" sizes=\"auto, (max-width: 150px) 100vw, 150px\" \/><\/a>\n\t\t\t<\/div><\/figure><figure class='gallery-item'>\n\t\t\t<div class='gallery-icon landscape'>\n\t\t\t\t<a href='https:\/\/archive.sana.sy\/tr\/wp-content\/uploads\/2018\/01\/6-4.jpg'><img loading=\"lazy\" decoding=\"async\" width=\"150\" height=\"100\" src=\"https:\/\/archive.sana.sy\/tr\/wp-content\/uploads\/2018\/01\/6-4-150x100.jpg\" class=\"attachment-thumbnail size-thumbnail\" alt=\"\" srcset=\"https:\/\/archive.sana.sy\/tr\/wp-content\/uploads\/2018\/01\/6-4-150x100.jpg 150w, https:\/\/archive.sana.sy\/tr\/wp-content\/uploads\/2018\/01\/6-4-300x200.jpg 300w, https:\/\/archive.sana.sy\/tr\/wp-content\/uploads\/2018\/01\/6-4-768x511.jpg 768w, https:\/\/archive.sana.sy\/tr\/wp-content\/uploads\/2018\/01\/6-4-1024x681.jpg 1024w, https:\/\/archive.sana.sy\/tr\/wp-content\/uploads\/2018\/01\/6-4-310x205.jpg 310w\" sizes=\"auto, (max-width: 150px) 100vw, 150px\" \/><\/a>\n\t\t\t<\/div><\/figure>\n\t\t<\/div>\n\n<p>https:\/\/www.youtube.com\/watch?v=8cntDEOcXmI<\/p>\n","protected":false},"excerpt":{"rendered":"<p>\u015eAM \u2013\u0130\u015f\u00e7i Partisinden Parlamenter Arlindo Shinalia ba\u015fkanl\u0131\u011f\u0131nda Brezilyal\u0131 parlamenter bir heyet \u015eam\u2019a ula\u015ft\u0131. L\u00fcbnan\u2019a a\u00e7\u0131lan Cdetdet Yabus S\u0131n\u0131r kap\u0131s\u0131ndan ge\u00e7meleri ard\u0131ndan bas\u0131na a\u00e7\u0131klama yapan Shinalia; ziyaretten amac\u0131n iki dost \u00fclke aras\u0131ndaki parlamento ili\u015fkilerini g\u00fc\u00e7lendirmek ve Suriye\u2019deki durumlar\u0131 yak\u0131ndan takip edip g\u00f6rmek oldu\u011funu s\u00f6yledi. Shinalia uluslar aras\u0131 medya ara\u00e7lar\u0131n\u0131n Suriye konusunda ger\u00e7ekleri \u00e7arp\u0131tt\u0131klar\u0131 ve belirli devletlerin &hellip;<\/p>\n","protected":false},"author":1,"featured_media":134281,"comment_status":"closed","ping_status":"closed","sticky":false,"template":"","format":"standard","meta":{"footnotes":""},"categories":[596,479,17988,478],"tags":[34222,34219,34221,2755,16591,22181,34220],"class_list":["post-134280","post","type-post","status-publish","format-standard","has-post-thumbnail","","category-fotografli-raporlar","category-haberler-yerel","category-son-haberler","category-yerel","tag-arlindo-chinalia","tag-brezilya-parlamento-heyeti","tag-bsur-yazici","tag-sam","tag-suriye","tag-suriyeliler","tag-yebin-cebus-sinir-kapisi"],"_links":{"self":[{"href":"https:\/\/archive.sana.sy\/tr\/index.php?rest_route=\/wp\/v2\/posts\/134280","targetHints":{"allow":["GET"]}}],"collection":[{"href":"https:\/\/archive.sana.sy\/tr\/index.php?rest_route=\/wp\/v2\/posts"}],"about":[{"href":"https:\/\/archive.sana.sy\/tr\/index.php?rest_route=\/wp\/v2\/types\/post"}],"author":[{"embeddable":true,"href":"https:\/\/archive.sana.sy\/tr\/index.php?rest_route=\/wp\/v2\/users\/1"}],"replies":[{"embeddable":true,"href":"https:\/\/archive.sana.sy\/tr\/index.php?rest_route=%2Fwp%2Fv2%2Fcomments&post=134280"}],"version-history":[{"count":0,"href":"https:\/\/archive.sana.sy\/tr\/index.php?rest_route=\/wp\/v2\/posts\/134280\/revisions"}],"wp:featuredmedia":[{"embeddable":true,"href":"https:\/\/archive.sana.sy\/tr\/index.php?rest_route=\/wp\/v2\/media\/134281"}],"wp:attachment":[{"href":"https:\/\/archive.sana.sy\/tr\/index.php?rest_route=%2Fwp%2Fv2%2Fmedia&parent=134280"}],"wp:term":[{"taxonomy":"category","embeddable":true,"href":"https:\/\/archive.sana.sy\/tr\/index.php?rest_route=%2Fwp%2Fv2%2Fcategories&post=134280"},{"taxonomy":"post_tag","embeddable":true,"href":"https:\/\/archive.sana.sy\/tr\/index.php?rest_route=%2Fwp%2Fv2%2Ftags&post=134280"}],"curies":[{"name":"wp","href":"https:\/\/api.w.org\/{rel}","templated":true}]}}