{"id":134348,"date":"2018-01-05T10:22:17","date_gmt":"2018-01-05T08:22:17","guid":{"rendered":"https:\/\/www.sana.sy\/tr\/?p=134348"},"modified":"2018-01-06T15:03:25","modified_gmt":"2018-01-06T13:03:25","slug":"basbakan-16-bakanla-birlikte-halepte-saha-incelemelerinde-bulunuyor","status":"publish","type":"post","link":"https:\/\/archive.sana.sy\/tr\/?p=134348","title":{"rendered":"Ba\u015fbakan 16 Bakanla Birlikte Halep\u2019te Saha \u0130ncelemelerinde Bulunuyor"},"content":{"rendered":"<p>HALEP \u2013 Cumhurba\u015fkan\u0131 Be\u015f\u015far el Esad&#8217;\u0131n y\u00f6nlendirmeleri \u00fczerine Ba\u015fbakan \u0130mad Hamis ba\u015fkanl\u0131\u011f\u0131nda 16 bakandan olu\u015fan h\u00fck\u00fcmet heyeti bug\u00fcn Halep \u0130linde hizmet ve ekonomi durumlar\u0131n\u0131 incelemek \u00fczere i\u015f ziyaretine ba\u015flad\u0131.<\/p>\n<p>Halep Kenti ve k\u0131rsal\u0131n\u0131n muhtelif b\u00f6lgelerinde saha incelemelerinde bulunan Ba\u015fbakan Hamis ve e\u015fli\u011findeki bakanlar; Halep \u0130linde kapsaml\u0131 kalk\u0131nma planlar\u0131n\u0131n hayata ge\u00e7irilmesinin yan\u0131 s\u0131ra hizmet kurumlar\u0131 ve altyap\u0131 \u015febekelerinin geli\u015ftirilmesi \u00f6neminin alt\u0131n\u0131 \u00e7izdi.<\/p>\n<p>Ba\u015fbakan Hamis Halep\u2019in ulusal ekonominin kalk\u0131nmas\u0131ndaki yeri ve \u00f6nemine dikkat \u00e7ekerken, il genelinde ekonomi ve sanayi kurumlar\u0131n\u0131n g\u00fc\u00e7l\u00fc bir \u015fekilde canland\u0131r\u0131lmas\u0131 i\u00e7in gereken t\u00fcm deste\u011fin temin edilece\u011fini vurgulad\u0131.<\/p>\n<div id='gallery-1' class='gallery galleryid-134348 gallery-columns-4 gallery-size-thumbnail'><figure class='gallery-item'>\n\t\t\t<div class='gallery-icon landscape'>\n\t\t\t\t<a href='https:\/\/archive.sana.sy\/tr\/wp-content\/uploads\/2018\/01\/Hamis.jpg'><img loading=\"lazy\" decoding=\"async\" width=\"150\" height=\"100\" src=\"https:\/\/archive.sana.sy\/tr\/wp-content\/uploads\/2018\/01\/Hamis-150x100.jpg\" class=\"attachment-thumbnail size-thumbnail\" alt=\"\" srcset=\"https:\/\/archive.sana.sy\/tr\/wp-content\/uploads\/2018\/01\/Hamis-150x100.jpg 150w, https:\/\/archive.sana.sy\/tr\/wp-content\/uploads\/2018\/01\/Hamis-300x200.jpg 300w, https:\/\/archive.sana.sy\/tr\/wp-content\/uploads\/2018\/01\/Hamis-768x512.jpg 768w, https:\/\/archive.sana.sy\/tr\/wp-content\/uploads\/2018\/01\/Hamis-1024x683.jpg 1024w, https:\/\/archive.sana.sy\/tr\/wp-content\/uploads\/2018\/01\/Hamis-310x205.jpg 310w\" sizes=\"auto, (max-width: 150px) 100vw, 150px\" \/><\/a>\n\t\t\t<\/div><\/figure><figure class='gallery-item'>\n\t\t\t<div class='gallery-icon landscape'>\n\t\t\t\t<a href='https:\/\/archive.sana.sy\/tr\/wp-content\/uploads\/2018\/01\/Hamis.JPG-1.jpg'><img loading=\"lazy\" decoding=\"async\" width=\"150\" height=\"92\" src=\"https:\/\/archive.sana.sy\/tr\/wp-content\/uploads\/2018\/01\/Hamis.JPG-1-150x92.jpg\" class=\"attachment-thumbnail size-thumbnail\" alt=\"\" srcset=\"https:\/\/archive.sana.sy\/tr\/wp-content\/uploads\/2018\/01\/Hamis.JPG-1-150x92.jpg 150w, https:\/\/archive.sana.sy\/tr\/wp-content\/uploads\/2018\/01\/Hamis.JPG-1-300x184.jpg 300w, https:\/\/archive.sana.sy\/tr\/wp-content\/uploads\/2018\/01\/Hamis.JPG-1-768x472.jpg 768w, https:\/\/archive.sana.sy\/tr\/wp-content\/uploads\/2018\/01\/Hamis.JPG-1-1024x629.jpg 1024w\" sizes=\"auto, (max-width: 150px) 100vw, 150px\" \/><\/a>\n\t\t\t<\/div><\/figure><figure class='gallery-item'>\n\t\t\t<div class='gallery-icon landscape'>\n\t\t\t\t<a href='https:\/\/archive.sana.sy\/tr\/wp-content\/uploads\/2018\/01\/Hamis.JPG-3.jpg'><img loading=\"lazy\" decoding=\"async\" width=\"150\" height=\"100\" src=\"https:\/\/archive.sana.sy\/tr\/wp-content\/uploads\/2018\/01\/Hamis.JPG-3-150x100.jpg\" class=\"attachment-thumbnail size-thumbnail\" alt=\"\" srcset=\"https:\/\/archive.sana.sy\/tr\/wp-content\/uploads\/2018\/01\/Hamis.JPG-3-150x100.jpg 150w, https:\/\/archive.sana.sy\/tr\/wp-content\/uploads\/2018\/01\/Hamis.JPG-3-300x200.jpg 300w, https:\/\/archive.sana.sy\/tr\/wp-content\/uploads\/2018\/01\/Hamis.JPG-3-768x511.jpg 768w, https:\/\/archive.sana.sy\/tr\/wp-content\/uploads\/2018\/01\/Hamis.JPG-3-1024x681.jpg 1024w, https:\/\/archive.sana.sy\/tr\/wp-content\/uploads\/2018\/01\/Hamis.JPG-3-310x205.jpg 310w\" sizes=\"auto, (max-width: 150px) 100vw, 150px\" \/><\/a>\n\t\t\t<\/div><\/figure><figure class='gallery-item'>\n\t\t\t<div class='gallery-icon landscape'>\n\t\t\t\t<a href='https:\/\/archive.sana.sy\/tr\/wp-content\/uploads\/2018\/01\/Hamis.JPG-4.jpg'><img loading=\"lazy\" decoding=\"async\" width=\"150\" height=\"100\" src=\"https:\/\/archive.sana.sy\/tr\/wp-content\/uploads\/2018\/01\/Hamis.JPG-4-150x100.jpg\" class=\"attachment-thumbnail size-thumbnail\" alt=\"\" srcset=\"https:\/\/archive.sana.sy\/tr\/wp-content\/uploads\/2018\/01\/Hamis.JPG-4-150x100.jpg 150w, https:\/\/archive.sana.sy\/tr\/wp-content\/uploads\/2018\/01\/Hamis.JPG-4-300x200.jpg 300w, https:\/\/archive.sana.sy\/tr\/wp-content\/uploads\/2018\/01\/Hamis.JPG-4-768x511.jpg 768w, https:\/\/archive.sana.sy\/tr\/wp-content\/uploads\/2018\/01\/Hamis.JPG-4-1024x682.jpg 1024w, https:\/\/archive.sana.sy\/tr\/wp-content\/uploads\/2018\/01\/Hamis.JPG-4-310x205.jpg 310w\" sizes=\"auto, (max-width: 150px) 100vw, 150px\" \/><\/a>\n\t\t\t<\/div><\/figure>\n\t\t<\/div>\n\n","protected":false},"excerpt":{"rendered":"<p>HALEP \u2013 Cumhurba\u015fkan\u0131 Be\u015f\u015far el Esad&#8217;\u0131n y\u00f6nlendirmeleri \u00fczerine Ba\u015fbakan \u0130mad Hamis ba\u015fkanl\u0131\u011f\u0131nda 16 bakandan olu\u015fan h\u00fck\u00fcmet heyeti bug\u00fcn Halep \u0130linde hizmet ve ekonomi durumlar\u0131n\u0131 incelemek \u00fczere i\u015f ziyaretine ba\u015flad\u0131. Halep Kenti ve k\u0131rsal\u0131n\u0131n muhtelif b\u00f6lgelerinde saha incelemelerinde bulunan Ba\u015fbakan Hamis ve e\u015fli\u011findeki bakanlar; Halep \u0130linde kapsaml\u0131 kalk\u0131nma planlar\u0131n\u0131n hayata ge\u00e7irilmesinin yan\u0131 s\u0131ra hizmet kurumlar\u0131 ve &hellip;<\/p>\n","protected":false},"author":1,"featured_media":134364,"comment_status":"closed","ping_status":"closed","sticky":false,"template":"","format":"standard","meta":{"footnotes":""},"categories":[479,17988,478],"tags":[34234,18703,26603,6510,30905,21934],"class_list":["post-134348","post","type-post","status-publish","format-standard","has-post-thumbnail","","category-haberler-yerel","category-son-haberler","category-yerel","tag-16-bakandan-olusan-hukumet-heyeti","tag-basbakan","tag-cumhurbaskani-bessar-el-esadin-yonlendirmeleri","tag-ekonomi-2","tag-halep-ilinde","tag-imad-hamis"],"_links":{"self":[{"href":"https:\/\/archive.sana.sy\/tr\/index.php?rest_route=\/wp\/v2\/posts\/134348","targetHints":{"allow":["GET"]}}],"collection":[{"href":"https:\/\/archive.sana.sy\/tr\/index.php?rest_route=\/wp\/v2\/posts"}],"about":[{"href":"https:\/\/archive.sana.sy\/tr\/index.php?rest_route=\/wp\/v2\/types\/post"}],"author":[{"embeddable":true,"href":"https:\/\/archive.sana.sy\/tr\/index.php?rest_route=\/wp\/v2\/users\/1"}],"replies":[{"embeddable":true,"href":"https:\/\/archive.sana.sy\/tr\/index.php?rest_route=%2Fwp%2Fv2%2Fcomments&post=134348"}],"version-history":[{"count":0,"href":"https:\/\/archive.sana.sy\/tr\/index.php?rest_route=\/wp\/v2\/posts\/134348\/revisions"}],"wp:featuredmedia":[{"embeddable":true,"href":"https:\/\/archive.sana.sy\/tr\/index.php?rest_route=\/wp\/v2\/media\/134364"}],"wp:attachment":[{"href":"https:\/\/archive.sana.sy\/tr\/index.php?rest_route=%2Fwp%2Fv2%2Fmedia&parent=134348"}],"wp:term":[{"taxonomy":"category","embeddable":true,"href":"https:\/\/archive.sana.sy\/tr\/index.php?rest_route=%2Fwp%2Fv2%2Fcategories&post=134348"},{"taxonomy":"post_tag","embeddable":true,"href":"https:\/\/archive.sana.sy\/tr\/index.php?rest_route=%2Fwp%2Fv2%2Ftags&post=134348"}],"curies":[{"name":"wp","href":"https:\/\/api.w.org\/{rel}","templated":true}]}}