{"id":134518,"date":"2018-01-07T12:56:46","date_gmt":"2018-01-07T10:56:46","guid":{"rendered":"https:\/\/www.sana.sy\/tr\/?p=134518"},"modified":"2018-01-12T11:04:49","modified_gmt":"2018-01-12T09:04:49","slug":"sozlesmeli-personeller-kadrolastiriliyor","status":"publish","type":"post","link":"https:\/\/archive.sana.sy\/tr\/?p=134518","title":{"rendered":"S\u00f6zle\u015fmeli Personeller Kadrola\u015ft\u0131r\u0131l\u0131yor"},"content":{"rendered":"<p>\u015eAM \u2013 Cumhurba\u015fkan\u0131 Be\u015f\u015far el Esad bug\u00fcn s\u00f6zle\u015fmeli personellerin kadrola\u015ft\u0131r\u0131lmas\u0131n\u0131 \u00f6ng\u00f6ren 2017\/4 say\u0131l\u0131 yasama karar\u0131n\u0131n s\u00fcresini 1 y\u0131l daha uzatmay\u0131 \u00f6ng\u00f6ren 2018\/1 say\u0131l\u0131 yasama karar\u0131n\u0131 onaylad\u0131.<\/p>\n<p>Yasama karar\u0131 gere\u011fince en az bir y\u0131ll\u0131k s\u00f6zle\u015fmeli personelleri kapsayan yasama karar\u0131nda \u015fehit aileleri ve gen\u00e7leri \u00e7al\u0131\u015ft\u0131rma projesi kapsam\u0131nda mevcut s\u00f6zle\u015fmeli personellere \u00f6ncelik tan\u0131yor.<\/p>\n","protected":false},"excerpt":{"rendered":"<p>\u015eAM \u2013 Cumhurba\u015fkan\u0131 Be\u015f\u015far el Esad bug\u00fcn s\u00f6zle\u015fmeli personellerin kadrola\u015ft\u0131r\u0131lmas\u0131n\u0131 \u00f6ng\u00f6ren 2017\/4 say\u0131l\u0131 yasama karar\u0131n\u0131n s\u00fcresini 1 y\u0131l daha uzatmay\u0131 \u00f6ng\u00f6ren 2018\/1 say\u0131l\u0131 yasama karar\u0131n\u0131 onaylad\u0131. Yasama karar\u0131 gere\u011fince en az bir y\u0131ll\u0131k s\u00f6zle\u015fmeli personelleri kapsayan yasama karar\u0131nda \u015fehit aileleri ve gen\u00e7leri \u00e7al\u0131\u015ft\u0131rma projesi kapsam\u0131nda mevcut s\u00f6zle\u015fmeli personellere \u00f6ncelik tan\u0131yor.<\/p>\n","protected":false},"author":1,"featured_media":56583,"comment_status":"closed","ping_status":"closed","sticky":false,"template":"","format":"standard","meta":{"footnotes":""},"categories":[479,17988,478],"tags":[17256,8767,34260,34259,34258,16714],"class_list":["post-134518","post","type-post","status-publish","format-standard","has-post-thumbnail","","category-haberler-yerel","category-son-haberler","category-yerel","tag-bessar-el-esad","tag-cumhurbaskani","tag-kadrolastirilmasini","tag-personellerin","tag-sozlesmeli","tag-yasama-karari"],"_links":{"self":[{"href":"https:\/\/archive.sana.sy\/tr\/index.php?rest_route=\/wp\/v2\/posts\/134518","targetHints":{"allow":["GET"]}}],"collection":[{"href":"https:\/\/archive.sana.sy\/tr\/index.php?rest_route=\/wp\/v2\/posts"}],"about":[{"href":"https:\/\/archive.sana.sy\/tr\/index.php?rest_route=\/wp\/v2\/types\/post"}],"author":[{"embeddable":true,"href":"https:\/\/archive.sana.sy\/tr\/index.php?rest_route=\/wp\/v2\/users\/1"}],"replies":[{"embeddable":true,"href":"https:\/\/archive.sana.sy\/tr\/index.php?rest_route=%2Fwp%2Fv2%2Fcomments&post=134518"}],"version-history":[{"count":0,"href":"https:\/\/archive.sana.sy\/tr\/index.php?rest_route=\/wp\/v2\/posts\/134518\/revisions"}],"wp:featuredmedia":[{"embeddable":true,"href":"https:\/\/archive.sana.sy\/tr\/index.php?rest_route=\/wp\/v2\/media\/56583"}],"wp:attachment":[{"href":"https:\/\/archive.sana.sy\/tr\/index.php?rest_route=%2Fwp%2Fv2%2Fmedia&parent=134518"}],"wp:term":[{"taxonomy":"category","embeddable":true,"href":"https:\/\/archive.sana.sy\/tr\/index.php?rest_route=%2Fwp%2Fv2%2Fcategories&post=134518"},{"taxonomy":"post_tag","embeddable":true,"href":"https:\/\/archive.sana.sy\/tr\/index.php?rest_route=%2Fwp%2Fv2%2Ftags&post=134518"}],"curies":[{"name":"wp","href":"https:\/\/api.w.org\/{rel}","templated":true}]}}