{"id":134530,"date":"2018-01-07T12:00:31","date_gmt":"2018-01-07T10:00:31","guid":{"rendered":"https:\/\/www.sana.sy\/tr\/?p=134530"},"modified":"2018-01-12T11:04:55","modified_gmt":"2018-01-12T09:04:55","slug":"1500den-fazla-aile-evlerine-dondu","status":"publish","type":"post","link":"https:\/\/archive.sana.sy\/tr\/?p=134530","title":{"rendered":"1500\u2019den Fazla Aile Evlerine D\u00f6nd\u00fc (video)"},"content":{"rendered":"<p>\u015eAM KIRSALI \u2013 \u015eam \u00c7evre Kent Valisi Ala \u0130brahim; ba\u015fkent \u015eam\u2019\u0131n bat\u0131s\u0131nda yer alan Zebedani Kentinde daha \u00f6nce ter\u00f6r \u00f6rg\u00fctleri taraf\u0131ndan tehcir edilen 1500\u2019den fazla ailenin evlerine d\u00f6nd\u00fcklerini belirtti.<\/p>\n<p><a href=\"https:\/\/www.sana.sy\/tr\/wp-content\/uploads\/2018\/01\/Zebadani-4.jpg\"><img loading=\"lazy\" decoding=\"async\" class=\"alignright wp-image-134550 size-medium\" src=\"https:\/\/www.sana.sy\/tr\/wp-content\/uploads\/2018\/01\/Zebadani-4-300x168.jpg\" alt=\"\" width=\"300\" height=\"168\" srcset=\"https:\/\/archive.sana.sy\/tr\/wp-content\/uploads\/2018\/01\/Zebadani-4-300x168.jpg 300w, https:\/\/archive.sana.sy\/tr\/wp-content\/uploads\/2018\/01\/Zebadani-4-150x84.jpg 150w, https:\/\/archive.sana.sy\/tr\/wp-content\/uploads\/2018\/01\/Zebadani-4.jpg 660w\" sizes=\"auto, (max-width: 300px) 100vw, 300px\" \/><\/a>\u0130lgili kurum ve daire ba\u015fkanlar\u0131yla Zebedani Kentinde inceleme gezisinde bulunan Vali \u0130brahim; vatan koruyucular\u0131m\u0131z\u0131n kenti ter\u00f6rden kurtarmalar\u0131 ard\u0131ndan altyap\u0131 \u015febeleri ve hizmet kurumlar\u0131nda h\u0131zl\u0131 ve yo\u011fun onar\u0131m \u00e7al\u0131\u015fmalar\u0131n\u0131n devam etti\u011fine dikkat \u00e7ekti. Bunun sonucunda ter\u00f6r \u00f6rg\u00fctleri nedeniyle kentten tehcir edilen yakla\u015f\u0131k 10 bin aileden 1500 ailenin evlerine d\u00f6nd\u00fc\u011f\u00fcne dikkat \u00e7eken Vali \u0130brahim kentte onar\u0131m ve hizmet durumlar\u0131n\u0131 yak\u0131ndan inceledi. Vali ayn\u0131 zamanda bu \u00e7al\u0131\u015fmalar\u0131n yo\u011funla\u015ft\u0131r\u0131lmas\u0131 ve vatanda\u015flar\u0131n evlerine d\u00f6n\u00fc\u015flerini kolayla\u015ft\u0131rma ama\u00e7l\u0131 gerekli talimatlar\u0131 verdi.<\/p>\n<div id='gallery-1' class='gallery galleryid-134530 gallery-columns-2 gallery-size-medium'><figure class='gallery-item'>\n\t\t\t<div class='gallery-icon landscape'>\n\t\t\t\t<a href='https:\/\/archive.sana.sy\/tr\/wp-content\/uploads\/2018\/01\/Zebadani-2.jpg'><img loading=\"lazy\" decoding=\"async\" width=\"300\" height=\"168\" src=\"https:\/\/archive.sana.sy\/tr\/wp-content\/uploads\/2018\/01\/Zebadani-2-300x168.jpg\" class=\"attachment-medium size-medium\" alt=\"\" srcset=\"https:\/\/archive.sana.sy\/tr\/wp-content\/uploads\/2018\/01\/Zebadani-2-300x168.jpg 300w, https:\/\/archive.sana.sy\/tr\/wp-content\/uploads\/2018\/01\/Zebadani-2-150x84.jpg 150w, https:\/\/archive.sana.sy\/tr\/wp-content\/uploads\/2018\/01\/Zebadani-2.jpg 660w\" sizes=\"auto, (max-width: 300px) 100vw, 300px\" \/><\/a>\n\t\t\t<\/div><\/figure><figure class='gallery-item'>\n\t\t\t<div class='gallery-icon landscape'>\n\t\t\t\t<a href='https:\/\/archive.sana.sy\/tr\/wp-content\/uploads\/2018\/01\/Zebadani-3.jpg'><img loading=\"lazy\" decoding=\"async\" width=\"300\" height=\"168\" src=\"https:\/\/archive.sana.sy\/tr\/wp-content\/uploads\/2018\/01\/Zebadani-3-300x168.jpg\" class=\"attachment-medium size-medium\" alt=\"\" srcset=\"https:\/\/archive.sana.sy\/tr\/wp-content\/uploads\/2018\/01\/Zebadani-3-300x168.jpg 300w, https:\/\/archive.sana.sy\/tr\/wp-content\/uploads\/2018\/01\/Zebadani-3-150x84.jpg 150w, https:\/\/archive.sana.sy\/tr\/wp-content\/uploads\/2018\/01\/Zebadani-3.jpg 660w\" sizes=\"auto, (max-width: 300px) 100vw, 300px\" \/><\/a>\n\t\t\t<\/div><\/figure>\n\t\t<\/div>\n\n<p>https:\/\/www.youtube.com\/watch?v=yYjwvv_CStA<\/p>\n","protected":false},"excerpt":{"rendered":"<p>\u015eAM KIRSALI \u2013 \u015eam \u00c7evre Kent Valisi Ala \u0130brahim; ba\u015fkent \u015eam\u2019\u0131n bat\u0131s\u0131nda yer alan Zebedani Kentinde daha \u00f6nce ter\u00f6r \u00f6rg\u00fctleri taraf\u0131ndan tehcir edilen 1500\u2019den fazla ailenin evlerine d\u00f6nd\u00fcklerini belirtti. \u0130lgili kurum ve daire ba\u015fkanlar\u0131yla Zebedani Kentinde inceleme gezisinde bulunan Vali \u0130brahim; vatan koruyucular\u0131m\u0131z\u0131n kenti ter\u00f6rden kurtarmalar\u0131 ard\u0131ndan altyap\u0131 \u015febeleri ve hizmet kurumlar\u0131nda h\u0131zl\u0131 ve yo\u011fun &hellip;<\/p>\n","protected":false},"author":1,"featured_media":134551,"comment_status":"closed","ping_status":"closed","sticky":false,"template":"","format":"standard","meta":{"footnotes":""},"categories":[479,17988,478],"tags":[34264,34265,34261,2755,24677,34263,7657,34262],"class_list":["post-134530","post","type-post","status-publish","format-standard","has-post-thumbnail","","category-haberler-yerel","category-son-haberler","category-yerel","tag-1500-ailenin","tag-dondu","tag-ilgili-kurum-ve-daire-baskanlari","tag-sam","tag-sam-cevre-kent-valisi-ala-ibrahim","tag-tehcir-edilen","tag-teror-orgutleri","tag-zebedani-kentinde"],"_links":{"self":[{"href":"https:\/\/archive.sana.sy\/tr\/index.php?rest_route=\/wp\/v2\/posts\/134530","targetHints":{"allow":["GET"]}}],"collection":[{"href":"https:\/\/archive.sana.sy\/tr\/index.php?rest_route=\/wp\/v2\/posts"}],"about":[{"href":"https:\/\/archive.sana.sy\/tr\/index.php?rest_route=\/wp\/v2\/types\/post"}],"author":[{"embeddable":true,"href":"https:\/\/archive.sana.sy\/tr\/index.php?rest_route=\/wp\/v2\/users\/1"}],"replies":[{"embeddable":true,"href":"https:\/\/archive.sana.sy\/tr\/index.php?rest_route=%2Fwp%2Fv2%2Fcomments&post=134530"}],"version-history":[{"count":0,"href":"https:\/\/archive.sana.sy\/tr\/index.php?rest_route=\/wp\/v2\/posts\/134530\/revisions"}],"wp:featuredmedia":[{"embeddable":true,"href":"https:\/\/archive.sana.sy\/tr\/index.php?rest_route=\/wp\/v2\/media\/134551"}],"wp:attachment":[{"href":"https:\/\/archive.sana.sy\/tr\/index.php?rest_route=%2Fwp%2Fv2%2Fmedia&parent=134530"}],"wp:term":[{"taxonomy":"category","embeddable":true,"href":"https:\/\/archive.sana.sy\/tr\/index.php?rest_route=%2Fwp%2Fv2%2Fcategories&post=134530"},{"taxonomy":"post_tag","embeddable":true,"href":"https:\/\/archive.sana.sy\/tr\/index.php?rest_route=%2Fwp%2Fv2%2Ftags&post=134530"}],"curies":[{"name":"wp","href":"https:\/\/api.w.org\/{rel}","templated":true}]}}