{"id":134556,"date":"2018-01-07T12:15:23","date_gmt":"2018-01-07T10:15:23","guid":{"rendered":"https:\/\/www.sana.sy\/tr\/?p=134556"},"modified":"2018-01-12T11:04:51","modified_gmt":"2018-01-12T09:04:51","slug":"kadinin-toplum-icindeki-rolu-pekistiriliyor","status":"publish","type":"post","link":"https:\/\/archive.sana.sy\/tr\/?p=134556","title":{"rendered":"Kad\u0131n\u0131n Toplum \u0130\u00e7indeki Rol\u00fc Peki\u015ftiriliyor"},"content":{"rendered":"<p>S\u00dcVEYDA \u2013 \u00c7al\u0131\u015fma ve Sosyal \u0130\u015fler \u0130l M\u00fcd\u00fcrl\u00fc\u011f\u00fc Aile Planlama Cemiyeti ile i\u015fbirli\u011fi i\u00e7inde S\u00fcveyda k\u0131rsal\u0131nda kad\u0131n\u0131n mesleki ve toplumsal konumunu peki\u015ftirme ama\u00e7l\u0131 bir e\u011fitim merkezini hizmete a\u00e7t\u0131.<\/p>\n<p><a href=\"https:\/\/www.sana.sy\/tr\/wp-content\/uploads\/2018\/01\/S\u00fcveyda-2.jpg\"><img loading=\"lazy\" decoding=\"async\" class=\"alignright wp-image-134559 size-medium\" src=\"https:\/\/www.sana.sy\/tr\/wp-content\/uploads\/2018\/01\/S\u00fcveyda-2-300x150.jpg\" alt=\"\" width=\"300\" height=\"150\" srcset=\"https:\/\/archive.sana.sy\/tr\/wp-content\/uploads\/2018\/01\/S\u00fcveyda-2-300x150.jpg 300w, https:\/\/archive.sana.sy\/tr\/wp-content\/uploads\/2018\/01\/S\u00fcveyda-2-150x75.jpg 150w, https:\/\/archive.sana.sy\/tr\/wp-content\/uploads\/2018\/01\/S\u00fcveyda-2.jpg 660w\" sizes=\"auto, (max-width: 300px) 100vw, 300px\" \/><\/a>\u00c7al\u0131\u015fma ve Sosyal \u0130l M\u00fcd\u00fcr\u00fc B\u00fc\u015fra Cerbu merkezde k\u0131rsal kad\u0131na psikolojik ve sosyal destek ama\u00e7l\u0131 faaliyetler yer alaca\u011f\u0131n\u0131, t\u0131bbi hizmetlerin yan\u0131 s\u0131ra mesleki e\u011fitim kurslar\u0131 d\u00fczenlenece\u011fini belirtti.<\/p>\n","protected":false},"excerpt":{"rendered":"<p>S\u00dcVEYDA \u2013 \u00c7al\u0131\u015fma ve Sosyal \u0130\u015fler \u0130l M\u00fcd\u00fcrl\u00fc\u011f\u00fc Aile Planlama Cemiyeti ile i\u015fbirli\u011fi i\u00e7inde S\u00fcveyda k\u0131rsal\u0131nda kad\u0131n\u0131n mesleki ve toplumsal konumunu peki\u015ftirme ama\u00e7l\u0131 bir e\u011fitim merkezini hizmete a\u00e7t\u0131. \u00c7al\u0131\u015fma ve Sosyal \u0130l M\u00fcd\u00fcr\u00fc B\u00fc\u015fra Cerbu merkezde k\u0131rsal kad\u0131na psikolojik ve sosyal destek ama\u00e7l\u0131 faaliyetler yer alaca\u011f\u0131n\u0131, t\u0131bbi hizmetlerin yan\u0131 s\u0131ra mesleki e\u011fitim kurslar\u0131 d\u00fczenlenece\u011fini belirtti.<\/p>\n","protected":false},"author":1,"featured_media":134558,"comment_status":"closed","ping_status":"closed","sticky":false,"template":"","format":"standard","meta":{"footnotes":""},"categories":[526,479,541,17988,525,538,478],"tags":[34267,34266,34268,13862,32267],"class_list":["post-134556","post","type-post","status-publish","format-standard","has-post-thumbnail","","category-haber-ve-raporlar","category-haberler-yerel","category-haberler","category-son-haberler","category-toplum","category-yasam","category-yerel","tag-aile-planlama-cemiyeti-i","tag-calisma-ve-sosyal-isler","tag-kadinin","tag-suveyda","tag-toplumsal"],"_links":{"self":[{"href":"https:\/\/archive.sana.sy\/tr\/index.php?rest_route=\/wp\/v2\/posts\/134556","targetHints":{"allow":["GET"]}}],"collection":[{"href":"https:\/\/archive.sana.sy\/tr\/index.php?rest_route=\/wp\/v2\/posts"}],"about":[{"href":"https:\/\/archive.sana.sy\/tr\/index.php?rest_route=\/wp\/v2\/types\/post"}],"author":[{"embeddable":true,"href":"https:\/\/archive.sana.sy\/tr\/index.php?rest_route=\/wp\/v2\/users\/1"}],"replies":[{"embeddable":true,"href":"https:\/\/archive.sana.sy\/tr\/index.php?rest_route=%2Fwp%2Fv2%2Fcomments&post=134556"}],"version-history":[{"count":0,"href":"https:\/\/archive.sana.sy\/tr\/index.php?rest_route=\/wp\/v2\/posts\/134556\/revisions"}],"wp:featuredmedia":[{"embeddable":true,"href":"https:\/\/archive.sana.sy\/tr\/index.php?rest_route=\/wp\/v2\/media\/134558"}],"wp:attachment":[{"href":"https:\/\/archive.sana.sy\/tr\/index.php?rest_route=%2Fwp%2Fv2%2Fmedia&parent=134556"}],"wp:term":[{"taxonomy":"category","embeddable":true,"href":"https:\/\/archive.sana.sy\/tr\/index.php?rest_route=%2Fwp%2Fv2%2Fcategories&post=134556"},{"taxonomy":"post_tag","embeddable":true,"href":"https:\/\/archive.sana.sy\/tr\/index.php?rest_route=%2Fwp%2Fv2%2Ftags&post=134556"}],"curies":[{"name":"wp","href":"https:\/\/api.w.org\/{rel}","templated":true}]}}