{"id":134565,"date":"2018-01-07T14:36:46","date_gmt":"2018-01-07T12:36:46","guid":{"rendered":"https:\/\/www.sana.sy\/tr\/?p=134565"},"modified":"2018-01-08T12:53:38","modified_gmt":"2018-01-08T10:53:38","slug":"tum-suriyenin-kucuk-bir-modelidir","status":"publish","type":"post","link":"https:\/\/archive.sana.sy\/tr\/?p=134565","title":{"rendered":"T\u00fcm Suriye&#8217;nin K\u00fc\u00e7\u00fck Bir Modelidir"},"content":{"rendered":"<p>HASEKE \u2013 Haseke Kentinde Mar Curcos S\u00fcryani Ortodokslar Katedralli\u011finde bug\u00fcn Halk Meclisi Ba\u015fkan\u0131 Hammuda Sabba\u011f\u2019\u0131n yan\u0131 s\u0131ra M\u00fcsl\u00fcman ve H\u0131ristiyan din adamlar\u0131n\u0131n kat\u0131l\u0131m\u0131yla Hz \u0130sa\u2019n\u0131n milad\u0131 m\u00fcnasebetiyle dini t\u00f6ren d\u00fczenlendi.<\/p>\n<p><a href=\"https:\/\/www.sana.sy\/tr\/wp-content\/uploads\/2018\/01\/1-2-1.jpg\"><img loading=\"lazy\" decoding=\"async\" class=\"alignright wp-image-134569 size-medium\" src=\"https:\/\/www.sana.sy\/tr\/wp-content\/uploads\/2018\/01\/1-2-1-300x179.jpg\" alt=\"\" width=\"300\" height=\"179\" srcset=\"https:\/\/archive.sana.sy\/tr\/wp-content\/uploads\/2018\/01\/1-2-1-300x179.jpg 300w, https:\/\/archive.sana.sy\/tr\/wp-content\/uploads\/2018\/01\/1-2-1-150x90.jpg 150w, https:\/\/archive.sana.sy\/tr\/wp-content\/uploads\/2018\/01\/1-2-1-768x459.jpg 768w, https:\/\/archive.sana.sy\/tr\/wp-content\/uploads\/2018\/01\/1-2-1.jpg 950w\" sizes=\"auto, (max-width: 300px) 100vw, 300px\" \/><\/a>Dini t\u00f6rende Suriye&#8217;nin halk\u0131, ordusu ve lideri ile korunmas\u0131, ordu birliklerimizin ter\u00f6re kar\u015f\u0131 zafer kazanmas\u0131 ve Suriye&#8217;nin tamam\u0131nda g\u00fcvenlik istikrar\u0131n sa\u011flanmas\u0131 i\u00e7in dua edildi.<\/p>\n<p>Meclis Ba\u015fkan\u0131 Sabba\u011f; Hz \u0130sa\u2019n\u0131n milad\u0131 m\u00fcnasebetiyle d\u00fczenlenen bu dini t\u00f6rene Haseke \u0130linin muhtelif kesimleri ve bile\u015fenlerinden geni\u015f bir kat\u0131l\u0131m\u0131n olmas\u0131n\u0131n Haseke\u2019nin sevgi, karde\u015flik ve ulusal birli\u011fe ba\u011fl\u0131l\u0131\u011f\u0131n\u0131 yans\u0131tt\u0131\u011f\u0131na dikkat \u00e7ekti.<\/p>\n<p>Haseke Valisi Caiz el Musa ise bu dini t\u00f6renin ta\u015f\u0131d\u0131\u011f\u0131 mesaja dikkat \u00e7ekerken, t\u00fcm Suriye ve Suriyelilerin k\u00fc\u00e7\u00fck bir modelini te\u015fkil etti\u011fini kaydetti.<\/p>\n<div id='gallery-1' class='gallery galleryid-134565 gallery-columns-5 gallery-size-thumbnail'><figure class='gallery-item'>\n\t\t\t<div class='gallery-icon landscape'>\n\t\t\t\t<a href='https:\/\/archive.sana.sy\/tr\/wp-content\/uploads\/2018\/01\/1-1-1.jpg'><img loading=\"lazy\" decoding=\"async\" width=\"150\" height=\"84\" src=\"https:\/\/archive.sana.sy\/tr\/wp-content\/uploads\/2018\/01\/1-1-1-150x84.jpg\" class=\"attachment-thumbnail size-thumbnail\" alt=\"\" srcset=\"https:\/\/archive.sana.sy\/tr\/wp-content\/uploads\/2018\/01\/1-1-1-150x84.jpg 150w, https:\/\/archive.sana.sy\/tr\/wp-content\/uploads\/2018\/01\/1-1-1-300x169.jpg 300w, https:\/\/archive.sana.sy\/tr\/wp-content\/uploads\/2018\/01\/1-1-1-768x433.jpg 768w, https:\/\/archive.sana.sy\/tr\/wp-content\/uploads\/2018\/01\/1-1-1.jpg 1005w\" sizes=\"auto, (max-width: 150px) 100vw, 150px\" \/><\/a>\n\t\t\t<\/div><\/figure><figure class='gallery-item'>\n\t\t\t<div class='gallery-icon landscape'>\n\t\t\t\t<a href='https:\/\/archive.sana.sy\/tr\/wp-content\/uploads\/2018\/01\/1-3-1.jpg'><img loading=\"lazy\" decoding=\"async\" width=\"150\" height=\"94\" src=\"https:\/\/archive.sana.sy\/tr\/wp-content\/uploads\/2018\/01\/1-3-1-150x94.jpg\" class=\"attachment-thumbnail size-thumbnail\" alt=\"\" srcset=\"https:\/\/archive.sana.sy\/tr\/wp-content\/uploads\/2018\/01\/1-3-1-150x94.jpg 150w, https:\/\/archive.sana.sy\/tr\/wp-content\/uploads\/2018\/01\/1-3-1-300x188.jpg 300w, https:\/\/archive.sana.sy\/tr\/wp-content\/uploads\/2018\/01\/1-3-1-768x480.jpg 768w, https:\/\/archive.sana.sy\/tr\/wp-content\/uploads\/2018\/01\/1-3-1.jpg 838w\" sizes=\"auto, (max-width: 150px) 100vw, 150px\" \/><\/a>\n\t\t\t<\/div><\/figure><figure class='gallery-item'>\n\t\t\t<div class='gallery-icon landscape'>\n\t\t\t\t<a href='https:\/\/archive.sana.sy\/tr\/wp-content\/uploads\/2018\/01\/1-6-1.jpg'><img loading=\"lazy\" decoding=\"async\" width=\"150\" height=\"86\" src=\"https:\/\/archive.sana.sy\/tr\/wp-content\/uploads\/2018\/01\/1-6-1-150x86.jpg\" class=\"attachment-thumbnail size-thumbnail\" alt=\"\" srcset=\"https:\/\/archive.sana.sy\/tr\/wp-content\/uploads\/2018\/01\/1-6-1-150x86.jpg 150w, https:\/\/archive.sana.sy\/tr\/wp-content\/uploads\/2018\/01\/1-6-1-300x172.jpg 300w, https:\/\/archive.sana.sy\/tr\/wp-content\/uploads\/2018\/01\/1-6-1-768x441.jpg 768w, https:\/\/archive.sana.sy\/tr\/wp-content\/uploads\/2018\/01\/1-6-1.jpg 903w\" sizes=\"auto, (max-width: 150px) 100vw, 150px\" \/><\/a>\n\t\t\t<\/div><\/figure><figure class='gallery-item'>\n\t\t\t<div class='gallery-icon landscape'>\n\t\t\t\t<a href='https:\/\/archive.sana.sy\/tr\/wp-content\/uploads\/2018\/01\/1-7-1.jpg'><img loading=\"lazy\" decoding=\"async\" width=\"150\" height=\"86\" src=\"https:\/\/archive.sana.sy\/tr\/wp-content\/uploads\/2018\/01\/1-7-1-150x86.jpg\" class=\"attachment-thumbnail size-thumbnail\" alt=\"\" srcset=\"https:\/\/archive.sana.sy\/tr\/wp-content\/uploads\/2018\/01\/1-7-1-150x86.jpg 150w, https:\/\/archive.sana.sy\/tr\/wp-content\/uploads\/2018\/01\/1-7-1-300x173.jpg 300w, https:\/\/archive.sana.sy\/tr\/wp-content\/uploads\/2018\/01\/1-7-1-768x443.jpg 768w, https:\/\/archive.sana.sy\/tr\/wp-content\/uploads\/2018\/01\/1-7-1.jpg 1008w\" sizes=\"auto, (max-width: 150px) 100vw, 150px\" \/><\/a>\n\t\t\t<\/div><\/figure><figure class='gallery-item'>\n\t\t\t<div class='gallery-icon landscape'>\n\t\t\t\t<a href='https:\/\/archive.sana.sy\/tr\/wp-content\/uploads\/2018\/01\/1-10-1.jpg'><img loading=\"lazy\" decoding=\"async\" width=\"150\" height=\"96\" src=\"https:\/\/archive.sana.sy\/tr\/wp-content\/uploads\/2018\/01\/1-10-1-150x96.jpg\" class=\"attachment-thumbnail size-thumbnail\" alt=\"\" srcset=\"https:\/\/archive.sana.sy\/tr\/wp-content\/uploads\/2018\/01\/1-10-1-150x96.jpg 150w, https:\/\/archive.sana.sy\/tr\/wp-content\/uploads\/2018\/01\/1-10-1-300x192.jpg 300w, https:\/\/archive.sana.sy\/tr\/wp-content\/uploads\/2018\/01\/1-10-1-768x491.jpg 768w, https:\/\/archive.sana.sy\/tr\/wp-content\/uploads\/2018\/01\/1-10-1-1024x655.jpg 1024w, https:\/\/archive.sana.sy\/tr\/wp-content\/uploads\/2018\/01\/1-10-1.jpg 1032w\" sizes=\"auto, (max-width: 150px) 100vw, 150px\" \/><\/a>\n\t\t\t<\/div><\/figure>\n\t\t<\/div>\n\n","protected":false},"excerpt":{"rendered":"<p>HASEKE \u2013 Haseke Kentinde Mar Curcos S\u00fcryani Ortodokslar Katedralli\u011finde bug\u00fcn Halk Meclisi Ba\u015fkan\u0131 Hammuda Sabba\u011f\u2019\u0131n yan\u0131 s\u0131ra M\u00fcsl\u00fcman ve H\u0131ristiyan din adamlar\u0131n\u0131n kat\u0131l\u0131m\u0131yla Hz \u0130sa\u2019n\u0131n milad\u0131 m\u00fcnasebetiyle dini t\u00f6ren d\u00fczenlendi. Dini t\u00f6rende Suriye&#8217;nin halk\u0131, ordusu ve lideri ile korunmas\u0131, ordu birliklerimizin ter\u00f6re kar\u015f\u0131 zafer kazanmas\u0131 ve Suriye&#8217;nin tamam\u0131nda g\u00fcvenlik istikrar\u0131n sa\u011flanmas\u0131 i\u00e7in dua edildi. Meclis &hellip;<\/p>\n","protected":false},"author":1,"featured_media":134574,"comment_status":"closed","ping_status":"closed","sticky":false,"template":"","format":"standard","meta":{"footnotes":""},"categories":[596,526,541,479,17988,525,538,478],"tags":[20105,1140,19954,20419,26222,16591,22181,34270],"class_list":["post-134565","post","type-post","status-publish","format-standard","has-post-thumbnail","","category-fotografli-raporlar","category-haber-ve-raporlar","category-haberler","category-haberler-yerel","category-son-haberler","category-toplum","category-yasam","category-yerel","tag-dini-toren","tag-haseke","tag-kamisli","tag-meclis-baskani","tag-noel-kutlamalari","tag-suriye","tag-suriyeliler","tag-suryani-ermeniler"],"_links":{"self":[{"href":"https:\/\/archive.sana.sy\/tr\/index.php?rest_route=\/wp\/v2\/posts\/134565","targetHints":{"allow":["GET"]}}],"collection":[{"href":"https:\/\/archive.sana.sy\/tr\/index.php?rest_route=\/wp\/v2\/posts"}],"about":[{"href":"https:\/\/archive.sana.sy\/tr\/index.php?rest_route=\/wp\/v2\/types\/post"}],"author":[{"embeddable":true,"href":"https:\/\/archive.sana.sy\/tr\/index.php?rest_route=\/wp\/v2\/users\/1"}],"replies":[{"embeddable":true,"href":"https:\/\/archive.sana.sy\/tr\/index.php?rest_route=%2Fwp%2Fv2%2Fcomments&post=134565"}],"version-history":[{"count":0,"href":"https:\/\/archive.sana.sy\/tr\/index.php?rest_route=\/wp\/v2\/posts\/134565\/revisions"}],"wp:featuredmedia":[{"embeddable":true,"href":"https:\/\/archive.sana.sy\/tr\/index.php?rest_route=\/wp\/v2\/media\/134574"}],"wp:attachment":[{"href":"https:\/\/archive.sana.sy\/tr\/index.php?rest_route=%2Fwp%2Fv2%2Fmedia&parent=134565"}],"wp:term":[{"taxonomy":"category","embeddable":true,"href":"https:\/\/archive.sana.sy\/tr\/index.php?rest_route=%2Fwp%2Fv2%2Fcategories&post=134565"},{"taxonomy":"post_tag","embeddable":true,"href":"https:\/\/archive.sana.sy\/tr\/index.php?rest_route=%2Fwp%2Fv2%2Ftags&post=134565"}],"curies":[{"name":"wp","href":"https:\/\/api.w.org\/{rel}","templated":true}]}}